{"id":50661,"date":"2026-08-31T11:09:09","date_gmt":"2026-08-31T14:09:09","guid":{"rendered":"http:\/\/fmdelpueblo.ar\/?p=50661"},"modified":"2026-08-31T11:09:09","modified_gmt":"2026-08-31T14:09:09","slug":"un-muerto-y-unos-15-desaparecidos-tras-inundacion-repentina-en-el-gran-canon-en-arizona","status":"publish","type":"post","link":"http:\/\/fmdelpueblo.ar\/?p=50661","title":{"rendered":"Un muerto y unos 15 desaparecidos tras inundaci\u00f3n repentina en el Gran Ca\u00f1\u00f3n en Arizona"},"content":{"rendered":"<p>Un temporal en el Gran Ca\u00f1\u00f3n causa una inundaci\u00f3n que deja un fallecido, 15 desaparecidos y m\u00e1s de 60 evacuados. Se busca a m\u00e1s afectados.El desastre afect\u00f3 infraestructura, cerrando varias \u00e1reas y limitando el suministro de agua, mientras se anticipan m\u00e1s lluvias en la regi\u00f3n.<\/p>","protected":false},"excerpt":{"rendered":"<p>Un temporal en el Gran Ca\u00f1\u00f3n causa una inundaci\u00f3n que deja un fallecido, 15 desaparecidos y m\u00e1s de 60 evacuados. Se busca a m\u00e1s afectados.El desastre afect\u00f3 infraestructura, cerrando varias \u00e1reas y limitando el suministro de agua, mientras se anticipan m\u00e1s lluvias en la regi\u00f3n.<\/p>\n","protected":false},"author":0,"featured_media":0,"comment_status":"","ping_status":"","sticky":false,"template":"","format":"standard","meta":{"footnotes":""},"categories":[1],"tags":[],"class_list":["post-50661","post","type-post","status-publish","format-standard","has-post-thumbnail","hentry","category-sin-categoria"],"_links":{"self":[{"href":"http:\/\/fmdelpueblo.ar\/index.php?rest_route=\/wp\/v2\/posts\/50661","targetHints":{"allow":["GET"]}}],"collection":[{"href":"http:\/\/fmdelpueblo.ar\/index.php?rest_route=\/wp\/v2\/posts"}],"about":[{"href":"http:\/\/fmdelpueblo.ar\/index.php?rest_route=\/wp\/v2\/types\/post"}],"replies":[{"embeddable":true,"href":"http:\/\/fmdelpueblo.ar\/index.php?rest_route=%2Fwp%2Fv2%2Fcomments&post=50661"}],"version-history":[{"count":0,"href":"http:\/\/fmdelpueblo.ar\/index.php?rest_route=\/wp\/v2\/posts\/50661\/revisions"}],"wp:attachment":[{"href":"http:\/\/fmdelpueblo.ar\/index.php?rest_route=%2Fwp%2Fv2%2Fmedia&parent=50661"}],"wp:term":[{"taxonomy":"category","embeddable":true,"href":"http:\/\/fmdelpueblo.ar\/index.php?rest_route=%2Fwp%2Fv2%2Fcategories&post=50661"},{"taxonomy":"post_tag","embeddable":true,"href":"http:\/\/fmdelpueblo.ar\/index.php?rest_route=%2Fwp%2Fv2%2Ftags&post=50661"}],"curies":[{"name":"wp","href":"https:\/\/api.w.org\/{rel}","templated":true}]}}