{"id":50659,"date":"2026-08-31T11:09:08","date_gmt":"2026-08-31T14:09:08","guid":{"rendered":"http:\/\/fmdelpueblo.ar\/?p=50659"},"modified":"2026-08-31T11:09:08","modified_gmt":"2026-08-31T14:09:08","slug":"el-gran-desafio-del-campo-como-usar-conectividad-y-tecnologia-para-hacer-mas-eficiente-la-produccion","status":"publish","type":"post","link":"http:\/\/fmdelpueblo.ar\/?p=50659","title":{"rendered":"El gran desaf\u00edo del campo: c\u00f3mo usar conectividad y tecnolog\u00eda para hacer m\u00e1s eficiente la producci\u00f3n"},"content":{"rendered":"<p>La transformaci\u00f3n digital del sector plantea un desaf\u00edo central: c\u00f3mo producir de manera m\u00e1s eficiente.Nicol\u00e1s Malvasio, Gerente de IoT de Personal Tech, cuenta c\u00f3mo la conectividad, el IoT y la inteligencia artificial ya transforman la toma de decisiones en la agroindustria.<\/p>","protected":false},"excerpt":{"rendered":"<p>La transformaci\u00f3n digital del sector plantea un desaf\u00edo central: c\u00f3mo producir de manera m\u00e1s eficiente.Nicol\u00e1s Malvasio, Gerente de IoT de Personal Tech, cuenta c\u00f3mo la conectividad, el IoT y la inteligencia artificial ya transforman la toma de decisiones en la agroindustria.<\/p>\n","protected":false},"author":0,"featured_media":0,"comment_status":"","ping_status":"","sticky":false,"template":"","format":"standard","meta":{"footnotes":""},"categories":[1],"tags":[],"class_list":["post-50659","post","type-post","status-publish","format-standard","has-post-thumbnail","hentry","category-sin-categoria"],"_links":{"self":[{"href":"http:\/\/fmdelpueblo.ar\/index.php?rest_route=\/wp\/v2\/posts\/50659","targetHints":{"allow":["GET"]}}],"collection":[{"href":"http:\/\/fmdelpueblo.ar\/index.php?rest_route=\/wp\/v2\/posts"}],"about":[{"href":"http:\/\/fmdelpueblo.ar\/index.php?rest_route=\/wp\/v2\/types\/post"}],"replies":[{"embeddable":true,"href":"http:\/\/fmdelpueblo.ar\/index.php?rest_route=%2Fwp%2Fv2%2Fcomments&post=50659"}],"version-history":[{"count":0,"href":"http:\/\/fmdelpueblo.ar\/index.php?rest_route=\/wp\/v2\/posts\/50659\/revisions"}],"wp:attachment":[{"href":"http:\/\/fmdelpueblo.ar\/index.php?rest_route=%2Fwp%2Fv2%2Fmedia&parent=50659"}],"wp:term":[{"taxonomy":"category","embeddable":true,"href":"http:\/\/fmdelpueblo.ar\/index.php?rest_route=%2Fwp%2Fv2%2Fcategories&post=50659"},{"taxonomy":"post_tag","embeddable":true,"href":"http:\/\/fmdelpueblo.ar\/index.php?rest_route=%2Fwp%2Fv2%2Ftags&post=50659"}],"curies":[{"name":"wp","href":"https:\/\/api.w.org\/{rel}","templated":true}]}}