{"id":50658,"date":"2026-08-31T11:09:07","date_gmt":"2026-08-31T14:09:07","guid":{"rendered":"http:\/\/fmdelpueblo.ar\/?p=50658"},"modified":"2026-08-31T11:09:07","modified_gmt":"2026-08-31T14:09:07","slug":"oficial-y-confirmado-desde-septiembre-uscis-endurece-la-regla-de-carga-publica-para-otorgar-permisos-de-residencia-y-green-cards-revisara-caso-por-caso-de-todos-los-solicita","status":"publish","type":"post","link":"http:\/\/fmdelpueblo.ar\/?p=50658","title":{"rendered":"Oficial y confirmado | Desde septiembre, USCIS endurece la regla de \u201ccarga p\u00fablica\u201d  para otorgar permisos de residencia y \u00abgreen cards\u00bb: revisar\u00e1 caso por caso de todos los solicitantes"},"content":{"rendered":"<p>La agencia federal confirm\u00f3 un cambio en su protocolo de verificaci\u00f3n. Hasta ahora, solo consideraba dos beneficios monetarios para tomar la decisi\u00f3n.La medida entrar\u00e1 en vigor en septiembre y se aplicar\u00e1 a todas las entrevistas de la agencia.<\/p>","protected":false},"excerpt":{"rendered":"<p>La agencia federal confirm\u00f3 un cambio en su protocolo de verificaci\u00f3n. Hasta ahora, solo consideraba dos beneficios monetarios para tomar la decisi\u00f3n.La medida entrar\u00e1 en vigor en septiembre y se aplicar\u00e1 a todas las entrevistas de la agencia.<\/p>\n","protected":false},"author":0,"featured_media":0,"comment_status":"","ping_status":"","sticky":false,"template":"","format":"standard","meta":{"footnotes":""},"categories":[1],"tags":[],"class_list":["post-50658","post","type-post","status-publish","format-standard","has-post-thumbnail","hentry","category-sin-categoria"],"_links":{"self":[{"href":"http:\/\/fmdelpueblo.ar\/index.php?rest_route=\/wp\/v2\/posts\/50658","targetHints":{"allow":["GET"]}}],"collection":[{"href":"http:\/\/fmdelpueblo.ar\/index.php?rest_route=\/wp\/v2\/posts"}],"about":[{"href":"http:\/\/fmdelpueblo.ar\/index.php?rest_route=\/wp\/v2\/types\/post"}],"replies":[{"embeddable":true,"href":"http:\/\/fmdelpueblo.ar\/index.php?rest_route=%2Fwp%2Fv2%2Fcomments&post=50658"}],"version-history":[{"count":0,"href":"http:\/\/fmdelpueblo.ar\/index.php?rest_route=\/wp\/v2\/posts\/50658\/revisions"}],"wp:attachment":[{"href":"http:\/\/fmdelpueblo.ar\/index.php?rest_route=%2Fwp%2Fv2%2Fmedia&parent=50658"}],"wp:term":[{"taxonomy":"category","embeddable":true,"href":"http:\/\/fmdelpueblo.ar\/index.php?rest_route=%2Fwp%2Fv2%2Fcategories&post=50658"},{"taxonomy":"post_tag","embeddable":true,"href":"http:\/\/fmdelpueblo.ar\/index.php?rest_route=%2Fwp%2Fv2%2Ftags&post=50658"}],"curies":[{"name":"wp","href":"https:\/\/api.w.org\/{rel}","templated":true}]}}