{"id":50657,"date":"2026-08-31T11:09:07","date_gmt":"2026-08-31T14:09:07","guid":{"rendered":"http:\/\/fmdelpueblo.ar\/?p=50657"},"modified":"2026-08-31T11:09:07","modified_gmt":"2026-08-31T14:09:07","slug":"bertrand-russell-sobre-el-trabajo-cuando-propongo-que-la-jornada-laboral-se-reduzca-a-cuatro-horas-no-quiero-decir-que-todo-el-tiempo-restante-deba-dedicarse-necesariamente-a-la-frivolidad","status":"publish","type":"post","link":"http:\/\/fmdelpueblo.ar\/?p=50657","title":{"rendered":"Bertrand Russell, sobre el trabajo: \u201cCuando propongo que la jornada laboral se reduzca a cuatro horas, no quiero decir que todo el tiempo restante deba dedicarse necesariamente a la frivolidad\u201d"},"content":{"rendered":"<p>El fil\u00f3sofo sostuvo que el progreso tecnol\u00f3gico pod\u00eda liberar tiempo para aprender, crear y disfrutar de la vida.<\/p>","protected":false},"excerpt":{"rendered":"<p>El fil\u00f3sofo sostuvo que el progreso tecnol\u00f3gico pod\u00eda liberar tiempo para aprender, crear y disfrutar de la vida.<\/p>\n","protected":false},"author":0,"featured_media":0,"comment_status":"","ping_status":"","sticky":false,"template":"","format":"standard","meta":{"footnotes":""},"categories":[1],"tags":[],"class_list":["post-50657","post","type-post","status-publish","format-standard","has-post-thumbnail","hentry","category-sin-categoria"],"_links":{"self":[{"href":"http:\/\/fmdelpueblo.ar\/index.php?rest_route=\/wp\/v2\/posts\/50657","targetHints":{"allow":["GET"]}}],"collection":[{"href":"http:\/\/fmdelpueblo.ar\/index.php?rest_route=\/wp\/v2\/posts"}],"about":[{"href":"http:\/\/fmdelpueblo.ar\/index.php?rest_route=\/wp\/v2\/types\/post"}],"replies":[{"embeddable":true,"href":"http:\/\/fmdelpueblo.ar\/index.php?rest_route=%2Fwp%2Fv2%2Fcomments&post=50657"}],"version-history":[{"count":0,"href":"http:\/\/fmdelpueblo.ar\/index.php?rest_route=\/wp\/v2\/posts\/50657\/revisions"}],"wp:attachment":[{"href":"http:\/\/fmdelpueblo.ar\/index.php?rest_route=%2Fwp%2Fv2%2Fmedia&parent=50657"}],"wp:term":[{"taxonomy":"category","embeddable":true,"href":"http:\/\/fmdelpueblo.ar\/index.php?rest_route=%2Fwp%2Fv2%2Fcategories&post=50657"},{"taxonomy":"post_tag","embeddable":true,"href":"http:\/\/fmdelpueblo.ar\/index.php?rest_route=%2Fwp%2Fv2%2Ftags&post=50657"}],"curies":[{"name":"wp","href":"https:\/\/api.w.org\/{rel}","templated":true}]}}