{"id":50655,"date":"2026-08-31T11:09:06","date_gmt":"2026-08-31T14:09:06","guid":{"rendered":"http:\/\/fmdelpueblo.ar\/?p=50655"},"modified":"2026-08-31T11:09:06","modified_gmt":"2026-08-31T14:09:06","slug":"preocupacion-por-el-super-nino-un-sector-golpeado-alerta-que-las-lluvias-paralizaran-la-actividad","status":"publish","type":"post","link":"http:\/\/fmdelpueblo.ar\/?p=50655","title":{"rendered":"Preocupaci\u00f3n por el \u00abS\u00faper Ni\u00f1o\u00bb: un sector golpeado alerta que las lluvias paralizar\u00e1n la actividad"},"content":{"rendered":"<p>La construcci\u00f3n, que no termina de reactivar, ahora mira de reojo la posibilidad de un freno ante el pron\u00f3stico de lluvias intensas en los pr\u00f3ximos meses.La obra p\u00fablica vial est\u00e1 en su menor nivel en 30 a\u00f1os, un 80% por debajo de 2023.<\/p>","protected":false},"excerpt":{"rendered":"<p>La construcci\u00f3n, que no termina de reactivar, ahora mira de reojo la posibilidad de un freno ante el pron\u00f3stico de lluvias intensas en los pr\u00f3ximos meses.La obra p\u00fablica vial est\u00e1 en su menor nivel en 30 a\u00f1os, un 80% por debajo de 2023.<\/p>\n","protected":false},"author":0,"featured_media":0,"comment_status":"","ping_status":"","sticky":false,"template":"","format":"standard","meta":{"footnotes":""},"categories":[1],"tags":[],"class_list":["post-50655","post","type-post","status-publish","format-standard","has-post-thumbnail","hentry","category-sin-categoria"],"_links":{"self":[{"href":"http:\/\/fmdelpueblo.ar\/index.php?rest_route=\/wp\/v2\/posts\/50655","targetHints":{"allow":["GET"]}}],"collection":[{"href":"http:\/\/fmdelpueblo.ar\/index.php?rest_route=\/wp\/v2\/posts"}],"about":[{"href":"http:\/\/fmdelpueblo.ar\/index.php?rest_route=\/wp\/v2\/types\/post"}],"replies":[{"embeddable":true,"href":"http:\/\/fmdelpueblo.ar\/index.php?rest_route=%2Fwp%2Fv2%2Fcomments&post=50655"}],"version-history":[{"count":0,"href":"http:\/\/fmdelpueblo.ar\/index.php?rest_route=\/wp\/v2\/posts\/50655\/revisions"}],"wp:attachment":[{"href":"http:\/\/fmdelpueblo.ar\/index.php?rest_route=%2Fwp%2Fv2%2Fmedia&parent=50655"}],"wp:term":[{"taxonomy":"category","embeddable":true,"href":"http:\/\/fmdelpueblo.ar\/index.php?rest_route=%2Fwp%2Fv2%2Fcategories&post=50655"},{"taxonomy":"post_tag","embeddable":true,"href":"http:\/\/fmdelpueblo.ar\/index.php?rest_route=%2Fwp%2Fv2%2Ftags&post=50655"}],"curies":[{"name":"wp","href":"https:\/\/api.w.org\/{rel}","templated":true}]}}