{"id":50653,"date":"2026-08-31T11:09:05","date_gmt":"2026-08-31T14:09:05","guid":{"rendered":"http:\/\/fmdelpueblo.ar\/?p=50653"},"modified":"2026-08-31T11:09:05","modified_gmt":"2026-08-31T14:09:05","slug":"otra-fecha-negra-de-los-arbitrajes-dos-penales-iguales-con-distinto-criterio-como-aviso-troglio-un-var-que-nunca-llamo-y-dos-jueces-suspendidos-en-forma-expres","status":"publish","type":"post","link":"http:\/\/fmdelpueblo.ar\/?p=50653","title":{"rendered":"Otra fecha negra de los arbitrajes: dos penales iguales con distinto criterio como avis\u00f3 Troglio, un VAR que nunca llam\u00f3 y dos jueces suspendidos en forma expr\u00e9s"},"content":{"rendered":"<p>Rey Hilfer hizo repetir el penal de Almada en Banfield-River por invasi\u00f3n, pero horas despu\u00e9s Carranza no hizo lo mismo tras el remate de Arce en Independiente Rivadavia-Racing ante una situaci\u00f3n similar.La pol\u00e9mica entrada de Flores sobre Marcich en Boca-Lan\u00fas y la in\u00e9dita sanci\u00f3n a Arasa y Ceballos por el gol anulado a Lanzini ante Riestra completaron un fin de semana caliente para los \u00e1rbitros.<\/p>","protected":false},"excerpt":{"rendered":"<p>Rey Hilfer hizo repetir el penal de Almada en Banfield-River por invasi\u00f3n, pero horas despu\u00e9s Carranza no hizo lo mismo tras el remate de Arce en Independiente Rivadavia-Racing ante una situaci\u00f3n similar.La pol\u00e9mica entrada de Flores sobre Marcich en Boca-Lan\u00fas y la in\u00e9dita sanci\u00f3n a Arasa y Ceballos por el gol anulado a Lanzini ante [&hellip;]<\/p>\n","protected":false},"author":0,"featured_media":0,"comment_status":"","ping_status":"","sticky":false,"template":"","format":"standard","meta":{"footnotes":""},"categories":[1],"tags":[],"class_list":["post-50653","post","type-post","status-publish","format-standard","has-post-thumbnail","hentry","category-sin-categoria"],"_links":{"self":[{"href":"http:\/\/fmdelpueblo.ar\/index.php?rest_route=\/wp\/v2\/posts\/50653","targetHints":{"allow":["GET"]}}],"collection":[{"href":"http:\/\/fmdelpueblo.ar\/index.php?rest_route=\/wp\/v2\/posts"}],"about":[{"href":"http:\/\/fmdelpueblo.ar\/index.php?rest_route=\/wp\/v2\/types\/post"}],"replies":[{"embeddable":true,"href":"http:\/\/fmdelpueblo.ar\/index.php?rest_route=%2Fwp%2Fv2%2Fcomments&post=50653"}],"version-history":[{"count":0,"href":"http:\/\/fmdelpueblo.ar\/index.php?rest_route=\/wp\/v2\/posts\/50653\/revisions"}],"wp:attachment":[{"href":"http:\/\/fmdelpueblo.ar\/index.php?rest_route=%2Fwp%2Fv2%2Fmedia&parent=50653"}],"wp:term":[{"taxonomy":"category","embeddable":true,"href":"http:\/\/fmdelpueblo.ar\/index.php?rest_route=%2Fwp%2Fv2%2Fcategories&post=50653"},{"taxonomy":"post_tag","embeddable":true,"href":"http:\/\/fmdelpueblo.ar\/index.php?rest_route=%2Fwp%2Fv2%2Ftags&post=50653"}],"curies":[{"name":"wp","href":"https:\/\/api.w.org\/{rel}","templated":true}]}}