{"id":50652,"date":"2026-08-31T11:09:04","date_gmt":"2026-08-31T14:09:04","guid":{"rendered":"http:\/\/fmdelpueblo.ar\/?p=50652"},"modified":"2026-08-31T11:09:04","modified_gmt":"2026-08-31T14:09:04","slug":"siri-hustvedt-me-las-he-arreglado-para-no-morir-ahora-siento-que-hay-un-futuro","status":"publish","type":"post","link":"http:\/\/fmdelpueblo.ar\/?p=50652","title":{"rendered":"Siri Hustvedt: \u00abMe las he arreglado para no morir, ahora siento que hay un futuro\u00bb"},"content":{"rendered":"<p>La autora estadounidense a principios de mayo public\u00f3 <em>Historias de fantasmas. <\/em>Se trata del libro en el que se enfrenta al dolor por la muerte de Paul Auster, su pareja durante 43 a\u00f1os. En este di\u00e1logo, reflexiona sobre c\u00f3mo afronta la vida sin \u00e9l.<\/p>","protected":false},"excerpt":{"rendered":"<p>La autora estadounidense a principios de mayo public\u00f3 Historias de fantasmas. Se trata del libro en el que se enfrenta al dolor por la muerte de Paul Auster, su pareja durante 43 a\u00f1os. En este di\u00e1logo, reflexiona sobre c\u00f3mo afronta la vida sin \u00e9l.<\/p>\n","protected":false},"author":0,"featured_media":0,"comment_status":"","ping_status":"","sticky":false,"template":"","format":"standard","meta":{"footnotes":""},"categories":[1],"tags":[],"class_list":["post-50652","post","type-post","status-publish","format-standard","has-post-thumbnail","hentry","category-sin-categoria"],"_links":{"self":[{"href":"http:\/\/fmdelpueblo.ar\/index.php?rest_route=\/wp\/v2\/posts\/50652","targetHints":{"allow":["GET"]}}],"collection":[{"href":"http:\/\/fmdelpueblo.ar\/index.php?rest_route=\/wp\/v2\/posts"}],"about":[{"href":"http:\/\/fmdelpueblo.ar\/index.php?rest_route=\/wp\/v2\/types\/post"}],"replies":[{"embeddable":true,"href":"http:\/\/fmdelpueblo.ar\/index.php?rest_route=%2Fwp%2Fv2%2Fcomments&post=50652"}],"version-history":[{"count":0,"href":"http:\/\/fmdelpueblo.ar\/index.php?rest_route=\/wp\/v2\/posts\/50652\/revisions"}],"wp:attachment":[{"href":"http:\/\/fmdelpueblo.ar\/index.php?rest_route=%2Fwp%2Fv2%2Fmedia&parent=50652"}],"wp:term":[{"taxonomy":"category","embeddable":true,"href":"http:\/\/fmdelpueblo.ar\/index.php?rest_route=%2Fwp%2Fv2%2Fcategories&post=50652"},{"taxonomy":"post_tag","embeddable":true,"href":"http:\/\/fmdelpueblo.ar\/index.php?rest_route=%2Fwp%2Fv2%2Ftags&post=50652"}],"curies":[{"name":"wp","href":"https:\/\/api.w.org\/{rel}","templated":true}]}}