{"id":50649,"date":"2026-08-31T09:09:19","date_gmt":"2026-08-31T12:09:19","guid":{"rendered":"https:\/\/fmdelpueblo.ar\/?p=50649"},"modified":"2026-08-31T09:09:19","modified_gmt":"2026-08-31T12:09:19","slug":"el-gobierno-anuncio-un-aumento-para-los-militares-y-fuerzas-de-seguridad-tras-los-reclamos-por-bajos-salarios","status":"publish","type":"post","link":"http:\/\/fmdelpueblo.ar\/?p=50649","title":{"rendered":"El Gobierno anunci\u00f3 un aumento para los militares y fuerzas de seguridad, tras los reclamos por bajos salarios"},"content":{"rendered":"<p>El incremento acumulado ser\u00e1 del 12,22% sobre el haber entre septiembre y diciembre de 2026; y alcanzar\u00e1 un 32% en el a\u00f1o.El Gobierno anunci\u00f3 que destinar\u00e1 $ 50 mil millones para esta recomposici\u00f3n salarial.<\/p>","protected":false},"excerpt":{"rendered":"<p>El incremento acumulado ser\u00e1 del 12,22% sobre el haber entre septiembre y diciembre de 2026; y alcanzar\u00e1 un 32% en el a\u00f1o.El Gobierno anunci\u00f3 que destinar\u00e1 $ 50 mil millones para esta recomposici\u00f3n salarial.<\/p>\n","protected":false},"author":0,"featured_media":0,"comment_status":"","ping_status":"","sticky":false,"template":"","format":"standard","meta":{"footnotes":""},"categories":[1],"tags":[],"class_list":["post-50649","post","type-post","status-publish","format-standard","has-post-thumbnail","hentry","category-sin-categoria"],"_links":{"self":[{"href":"http:\/\/fmdelpueblo.ar\/index.php?rest_route=\/wp\/v2\/posts\/50649","targetHints":{"allow":["GET"]}}],"collection":[{"href":"http:\/\/fmdelpueblo.ar\/index.php?rest_route=\/wp\/v2\/posts"}],"about":[{"href":"http:\/\/fmdelpueblo.ar\/index.php?rest_route=\/wp\/v2\/types\/post"}],"replies":[{"embeddable":true,"href":"http:\/\/fmdelpueblo.ar\/index.php?rest_route=%2Fwp%2Fv2%2Fcomments&post=50649"}],"version-history":[{"count":0,"href":"http:\/\/fmdelpueblo.ar\/index.php?rest_route=\/wp\/v2\/posts\/50649\/revisions"}],"wp:attachment":[{"href":"http:\/\/fmdelpueblo.ar\/index.php?rest_route=%2Fwp%2Fv2%2Fmedia&parent=50649"}],"wp:term":[{"taxonomy":"category","embeddable":true,"href":"http:\/\/fmdelpueblo.ar\/index.php?rest_route=%2Fwp%2Fv2%2Fcategories&post=50649"},{"taxonomy":"post_tag","embeddable":true,"href":"http:\/\/fmdelpueblo.ar\/index.php?rest_route=%2Fwp%2Fv2%2Ftags&post=50649"}],"curies":[{"name":"wp","href":"https:\/\/api.w.org\/{rel}","templated":true}]}}