{"id":50648,"date":"2026-08-31T09:09:18","date_gmt":"2026-08-31T12:09:18","guid":{"rendered":"https:\/\/fmdelpueblo.ar\/?p=50648"},"modified":"2026-08-31T09:09:18","modified_gmt":"2026-08-31T12:09:18","slug":"desastre-en-el-gran-canon-y-alerta-de-mas-tormentas-tras-una-inundacion-repentina-evacuaciones-danos-y-al-menos-un-muerto","status":"publish","type":"post","link":"http:\/\/fmdelpueblo.ar\/?p=50648","title":{"rendered":"Desastre en el Gran Ca\u00f1\u00f3n y alerta de m\u00e1s tormentas tras una inundaci\u00f3n repentina:  evacuaciones, da\u00f1os y al menos un muerto"},"content":{"rendered":"<p>Lluvias torrenciales provocaron un alud de agua que destruy\u00f3 todo a su paso. El cuerpo de un hombre de 46 a\u00f1os fue recuperado cerca de Crystal Rapids, en el r\u00edo Colorado. El servicio del parque estim\u00f3 que hay unos 15 desaparecidos.<\/p>","protected":false},"excerpt":{"rendered":"<p>Lluvias torrenciales provocaron un alud de agua que destruy\u00f3 todo a su paso. El cuerpo de un hombre de 46 a\u00f1os fue recuperado cerca de Crystal Rapids, en el r\u00edo Colorado. El servicio del parque estim\u00f3 que hay unos 15 desaparecidos.<\/p>\n","protected":false},"author":0,"featured_media":0,"comment_status":"","ping_status":"","sticky":false,"template":"","format":"standard","meta":{"footnotes":""},"categories":[1],"tags":[],"class_list":["post-50648","post","type-post","status-publish","format-standard","has-post-thumbnail","hentry","category-sin-categoria"],"_links":{"self":[{"href":"http:\/\/fmdelpueblo.ar\/index.php?rest_route=\/wp\/v2\/posts\/50648","targetHints":{"allow":["GET"]}}],"collection":[{"href":"http:\/\/fmdelpueblo.ar\/index.php?rest_route=\/wp\/v2\/posts"}],"about":[{"href":"http:\/\/fmdelpueblo.ar\/index.php?rest_route=\/wp\/v2\/types\/post"}],"replies":[{"embeddable":true,"href":"http:\/\/fmdelpueblo.ar\/index.php?rest_route=%2Fwp%2Fv2%2Fcomments&post=50648"}],"version-history":[{"count":0,"href":"http:\/\/fmdelpueblo.ar\/index.php?rest_route=\/wp\/v2\/posts\/50648\/revisions"}],"wp:attachment":[{"href":"http:\/\/fmdelpueblo.ar\/index.php?rest_route=%2Fwp%2Fv2%2Fmedia&parent=50648"}],"wp:term":[{"taxonomy":"category","embeddable":true,"href":"http:\/\/fmdelpueblo.ar\/index.php?rest_route=%2Fwp%2Fv2%2Fcategories&post=50648"},{"taxonomy":"post_tag","embeddable":true,"href":"http:\/\/fmdelpueblo.ar\/index.php?rest_route=%2Fwp%2Fv2%2Ftags&post=50648"}],"curies":[{"name":"wp","href":"https:\/\/api.w.org\/{rel}","templated":true}]}}