{"id":50645,"date":"2026-08-31T09:09:17","date_gmt":"2026-08-31T12:09:17","guid":{"rendered":"https:\/\/fmdelpueblo.ar\/?p=50645"},"modified":"2026-08-31T09:09:17","modified_gmt":"2026-08-31T12:09:17","slug":"un-donante-de-esperma-dice-ser-padre-de-199-nacidos-en-cuatro-paises","status":"publish","type":"post","link":"http:\/\/fmdelpueblo.ar\/?p=50645","title":{"rendered":"Un donante de esperma dice ser padre de 199 nacidos en cuatro pa\u00edses"},"content":{"rendered":"<p>Los beb\u00e9s nacieron en Pa\u00edses Bajos, B\u00e9lgica, Alemania y uno en otro pa\u00eds europeo.El hombre, de 43 a\u00f1os, usaba diferentes nombres para hacer las donaciones.<\/p>","protected":false},"excerpt":{"rendered":"<p>Los beb\u00e9s nacieron en Pa\u00edses Bajos, B\u00e9lgica, Alemania y uno en otro pa\u00eds europeo.El hombre, de 43 a\u00f1os, usaba diferentes nombres para hacer las donaciones.<\/p>\n","protected":false},"author":0,"featured_media":0,"comment_status":"","ping_status":"","sticky":false,"template":"","format":"standard","meta":{"footnotes":""},"categories":[1],"tags":[],"class_list":["post-50645","post","type-post","status-publish","format-standard","has-post-thumbnail","hentry","category-sin-categoria"],"_links":{"self":[{"href":"http:\/\/fmdelpueblo.ar\/index.php?rest_route=\/wp\/v2\/posts\/50645","targetHints":{"allow":["GET"]}}],"collection":[{"href":"http:\/\/fmdelpueblo.ar\/index.php?rest_route=\/wp\/v2\/posts"}],"about":[{"href":"http:\/\/fmdelpueblo.ar\/index.php?rest_route=\/wp\/v2\/types\/post"}],"replies":[{"embeddable":true,"href":"http:\/\/fmdelpueblo.ar\/index.php?rest_route=%2Fwp%2Fv2%2Fcomments&post=50645"}],"version-history":[{"count":0,"href":"http:\/\/fmdelpueblo.ar\/index.php?rest_route=\/wp\/v2\/posts\/50645\/revisions"}],"wp:attachment":[{"href":"http:\/\/fmdelpueblo.ar\/index.php?rest_route=%2Fwp%2Fv2%2Fmedia&parent=50645"}],"wp:term":[{"taxonomy":"category","embeddable":true,"href":"http:\/\/fmdelpueblo.ar\/index.php?rest_route=%2Fwp%2Fv2%2Fcategories&post=50645"},{"taxonomy":"post_tag","embeddable":true,"href":"http:\/\/fmdelpueblo.ar\/index.php?rest_route=%2Fwp%2Fv2%2Ftags&post=50645"}],"curies":[{"name":"wp","href":"https:\/\/api.w.org\/{rel}","templated":true}]}}