{"id":50641,"date":"2026-08-31T09:09:14","date_gmt":"2026-08-31T12:09:14","guid":{"rendered":"https:\/\/fmdelpueblo.ar\/?p=50641"},"modified":"2026-08-31T09:09:14","modified_gmt":"2026-08-31T12:09:14","slug":"djokovic-entre-las-lagrimas-y-un-cuerpo-que-le-pasa-factura-fue-su-ultimo-us-open-y-el-final-definitivo-de-la-era-del-big-three","status":"publish","type":"post","link":"http:\/\/fmdelpueblo.ar\/?p=50641","title":{"rendered":"Djokovic, entre las l\u00e1grimas y un cuerpo que le pasa factura: \u00bffue su \u00faltimo US Open y el final definitivo de la era del Big Three?"},"content":{"rendered":"<p>El serbio perdi\u00f3 con Mariano Navone, sufri\u00f3 v\u00f3mitos, calambres y dolores y se despidi\u00f3 en primera ronda de un Grand Slam por primera vez en 20 a\u00f1os.Adem\u00e1s, dejar\u00e1 el Top 10 despu\u00e9s de ocho a\u00f1os y por primera vez desde 2003 no habr\u00e1 ni a Federer, ni a Nadal ni a Djokovic en la segunda ronda de un torneo grande.<\/p>","protected":false},"excerpt":{"rendered":"<p>El serbio perdi\u00f3 con Mariano Navone, sufri\u00f3 v\u00f3mitos, calambres y dolores y se despidi\u00f3 en primera ronda de un Grand Slam por primera vez en 20 a\u00f1os.Adem\u00e1s, dejar\u00e1 el Top 10 despu\u00e9s de ocho a\u00f1os y por primera vez desde 2003 no habr\u00e1 ni a Federer, ni a Nadal ni a Djokovic en la segunda [&hellip;]<\/p>\n","protected":false},"author":0,"featured_media":0,"comment_status":"","ping_status":"","sticky":false,"template":"","format":"standard","meta":{"footnotes":""},"categories":[1],"tags":[],"class_list":["post-50641","post","type-post","status-publish","format-standard","has-post-thumbnail","hentry","category-sin-categoria"],"_links":{"self":[{"href":"http:\/\/fmdelpueblo.ar\/index.php?rest_route=\/wp\/v2\/posts\/50641","targetHints":{"allow":["GET"]}}],"collection":[{"href":"http:\/\/fmdelpueblo.ar\/index.php?rest_route=\/wp\/v2\/posts"}],"about":[{"href":"http:\/\/fmdelpueblo.ar\/index.php?rest_route=\/wp\/v2\/types\/post"}],"replies":[{"embeddable":true,"href":"http:\/\/fmdelpueblo.ar\/index.php?rest_route=%2Fwp%2Fv2%2Fcomments&post=50641"}],"version-history":[{"count":0,"href":"http:\/\/fmdelpueblo.ar\/index.php?rest_route=\/wp\/v2\/posts\/50641\/revisions"}],"wp:attachment":[{"href":"http:\/\/fmdelpueblo.ar\/index.php?rest_route=%2Fwp%2Fv2%2Fmedia&parent=50641"}],"wp:term":[{"taxonomy":"category","embeddable":true,"href":"http:\/\/fmdelpueblo.ar\/index.php?rest_route=%2Fwp%2Fv2%2Fcategories&post=50641"},{"taxonomy":"post_tag","embeddable":true,"href":"http:\/\/fmdelpueblo.ar\/index.php?rest_route=%2Fwp%2Fv2%2Ftags&post=50641"}],"curies":[{"name":"wp","href":"https:\/\/api.w.org\/{rel}","templated":true}]}}