{"id":50632,"date":"2026-08-31T08:09:11","date_gmt":"2026-08-31T11:09:11","guid":{"rendered":"https:\/\/fmdelpueblo.ar\/?p=50632"},"modified":"2026-08-31T08:09:11","modified_gmt":"2026-08-31T11:09:11","slug":"una-montana-de-los-alpes-austriacos-perdio-su-nombre-nazi-y-un-metro-de-altura","status":"publish","type":"post","link":"http:\/\/fmdelpueblo.ar\/?p=50632","title":{"rendered":"Una monta\u00f1a de los Alpes austr\u00edacos perdi\u00f3 su nombre nazi y un metro de altura"},"content":{"rendered":"<p>Retiraron la placa conmemorativa instalada desde hace 38 a\u00f1os en honor al ge\u00f3grafo, cart\u00f3grafo y glaci\u00f3logo austriaco Wolfgang Pillewizer.La monta\u00f1a ya no mide 3.000 metros, ahora la redujeron a 2.999 metros.<\/p>","protected":false},"excerpt":{"rendered":"<p>Retiraron la placa conmemorativa instalada desde hace 38 a\u00f1os en honor al ge\u00f3grafo, cart\u00f3grafo y glaci\u00f3logo austriaco Wolfgang Pillewizer.La monta\u00f1a ya no mide 3.000 metros, ahora la redujeron a 2.999 metros.<\/p>\n","protected":false},"author":0,"featured_media":0,"comment_status":"","ping_status":"","sticky":false,"template":"","format":"standard","meta":{"footnotes":""},"categories":[1],"tags":[],"class_list":["post-50632","post","type-post","status-publish","format-standard","has-post-thumbnail","hentry","category-sin-categoria"],"_links":{"self":[{"href":"http:\/\/fmdelpueblo.ar\/index.php?rest_route=\/wp\/v2\/posts\/50632","targetHints":{"allow":["GET"]}}],"collection":[{"href":"http:\/\/fmdelpueblo.ar\/index.php?rest_route=\/wp\/v2\/posts"}],"about":[{"href":"http:\/\/fmdelpueblo.ar\/index.php?rest_route=\/wp\/v2\/types\/post"}],"replies":[{"embeddable":true,"href":"http:\/\/fmdelpueblo.ar\/index.php?rest_route=%2Fwp%2Fv2%2Fcomments&post=50632"}],"version-history":[{"count":0,"href":"http:\/\/fmdelpueblo.ar\/index.php?rest_route=\/wp\/v2\/posts\/50632\/revisions"}],"wp:attachment":[{"href":"http:\/\/fmdelpueblo.ar\/index.php?rest_route=%2Fwp%2Fv2%2Fmedia&parent=50632"}],"wp:term":[{"taxonomy":"category","embeddable":true,"href":"http:\/\/fmdelpueblo.ar\/index.php?rest_route=%2Fwp%2Fv2%2Fcategories&post=50632"},{"taxonomy":"post_tag","embeddable":true,"href":"http:\/\/fmdelpueblo.ar\/index.php?rest_route=%2Fwp%2Fv2%2Ftags&post=50632"}],"curies":[{"name":"wp","href":"https:\/\/api.w.org\/{rel}","templated":true}]}}