{"id":50631,"date":"2026-08-31T07:09:01","date_gmt":"2026-08-31T10:09:01","guid":{"rendered":"https:\/\/fmdelpueblo.ar\/?p=50631"},"modified":"2026-08-31T07:09:01","modified_gmt":"2026-08-31T10:09:01","slug":"al-rescate-de-la-historia-el-hotel-de-lujo-que-resguarda-ecos-de-la-revolucion-de-mayo","status":"publish","type":"post","link":"http:\/\/fmdelpueblo.ar\/?p=50631","title":{"rendered":"Al rescate de la historia: el hotel de lujo que resguarda ecos de la Revoluci\u00f3n de Mayo"},"content":{"rendered":"<p>La finca abarcaba la actual plaza Rodr\u00edguez Pe\u00f1a.En sus salones se debati\u00f3 la ca\u00edda del virrey Cisneros.<\/p>","protected":false},"excerpt":{"rendered":"<p>La finca abarcaba la actual plaza Rodr\u00edguez Pe\u00f1a.En sus salones se debati\u00f3 la ca\u00edda del virrey Cisneros.<\/p>\n","protected":false},"author":0,"featured_media":0,"comment_status":"","ping_status":"","sticky":false,"template":"","format":"standard","meta":{"footnotes":""},"categories":[1],"tags":[],"class_list":["post-50631","post","type-post","status-publish","format-standard","has-post-thumbnail","hentry","category-sin-categoria"],"_links":{"self":[{"href":"http:\/\/fmdelpueblo.ar\/index.php?rest_route=\/wp\/v2\/posts\/50631","targetHints":{"allow":["GET"]}}],"collection":[{"href":"http:\/\/fmdelpueblo.ar\/index.php?rest_route=\/wp\/v2\/posts"}],"about":[{"href":"http:\/\/fmdelpueblo.ar\/index.php?rest_route=\/wp\/v2\/types\/post"}],"replies":[{"embeddable":true,"href":"http:\/\/fmdelpueblo.ar\/index.php?rest_route=%2Fwp%2Fv2%2Fcomments&post=50631"}],"version-history":[{"count":0,"href":"http:\/\/fmdelpueblo.ar\/index.php?rest_route=\/wp\/v2\/posts\/50631\/revisions"}],"wp:attachment":[{"href":"http:\/\/fmdelpueblo.ar\/index.php?rest_route=%2Fwp%2Fv2%2Fmedia&parent=50631"}],"wp:term":[{"taxonomy":"category","embeddable":true,"href":"http:\/\/fmdelpueblo.ar\/index.php?rest_route=%2Fwp%2Fv2%2Fcategories&post=50631"},{"taxonomy":"post_tag","embeddable":true,"href":"http:\/\/fmdelpueblo.ar\/index.php?rest_route=%2Fwp%2Fv2%2Ftags&post=50631"}],"curies":[{"name":"wp","href":"https:\/\/api.w.org\/{rel}","templated":true}]}}