{"id":50628,"date":"2026-08-31T07:08:59","date_gmt":"2026-08-31T10:08:59","guid":{"rendered":"https:\/\/fmdelpueblo.ar\/?p=50628"},"modified":"2026-08-31T07:08:59","modified_gmt":"2026-08-31T10:08:59","slug":"se-agitan-las-aguas-de-venecia-george-clooney-penelope-cruz-javier-bardem-y-los-hermanos-gallagher-confirmaron-su-presencia-en-el-festival","status":"publish","type":"post","link":"http:\/\/fmdelpueblo.ar\/?p=50628","title":{"rendered":"Se agitan las aguas de Venecia: George Clooney, Pen\u00e9lope Cruz, Javier Bardem y los hermanos Gallagher confirmaron su presencia en el festival"},"content":{"rendered":"<p>La \u00abMostra\u00bb se inaugurar\u00e1 el mi\u00e9rcoles 2 de septiembre  y se extender\u00e1 durante once d\u00edas.Entre las figuras m\u00e1s destacadas de esta 83 edici\u00f3n hay actores europeos, estadounidenses, m\u00fasicos y modelos.<\/p>","protected":false},"excerpt":{"rendered":"<p>La \u00abMostra\u00bb se inaugurar\u00e1 el mi\u00e9rcoles 2 de septiembre y se extender\u00e1 durante once d\u00edas.Entre las figuras m\u00e1s destacadas de esta 83 edici\u00f3n hay actores europeos, estadounidenses, m\u00fasicos y modelos.<\/p>\n","protected":false},"author":0,"featured_media":0,"comment_status":"","ping_status":"","sticky":false,"template":"","format":"standard","meta":{"footnotes":""},"categories":[1],"tags":[],"class_list":["post-50628","post","type-post","status-publish","format-standard","has-post-thumbnail","hentry","category-sin-categoria"],"_links":{"self":[{"href":"http:\/\/fmdelpueblo.ar\/index.php?rest_route=\/wp\/v2\/posts\/50628","targetHints":{"allow":["GET"]}}],"collection":[{"href":"http:\/\/fmdelpueblo.ar\/index.php?rest_route=\/wp\/v2\/posts"}],"about":[{"href":"http:\/\/fmdelpueblo.ar\/index.php?rest_route=\/wp\/v2\/types\/post"}],"replies":[{"embeddable":true,"href":"http:\/\/fmdelpueblo.ar\/index.php?rest_route=%2Fwp%2Fv2%2Fcomments&post=50628"}],"version-history":[{"count":0,"href":"http:\/\/fmdelpueblo.ar\/index.php?rest_route=\/wp\/v2\/posts\/50628\/revisions"}],"wp:attachment":[{"href":"http:\/\/fmdelpueblo.ar\/index.php?rest_route=%2Fwp%2Fv2%2Fmedia&parent=50628"}],"wp:term":[{"taxonomy":"category","embeddable":true,"href":"http:\/\/fmdelpueblo.ar\/index.php?rest_route=%2Fwp%2Fv2%2Fcategories&post=50628"},{"taxonomy":"post_tag","embeddable":true,"href":"http:\/\/fmdelpueblo.ar\/index.php?rest_route=%2Fwp%2Fv2%2Ftags&post=50628"}],"curies":[{"name":"wp","href":"https:\/\/api.w.org\/{rel}","templated":true}]}}