{"id":50627,"date":"2026-08-31T07:08:58","date_gmt":"2026-08-31T10:08:58","guid":{"rendered":"https:\/\/fmdelpueblo.ar\/?p=50627"},"modified":"2026-08-31T07:08:58","modified_gmt":"2026-08-31T10:08:58","slug":"iban-en-moto-y-los-chocaron-en-una-camioneta-robada-murieron-los-dos","status":"publish","type":"post","link":"http:\/\/fmdelpueblo.ar\/?p=50627","title":{"rendered":"Iban en moto y los chocaron en una camioneta robada: murieron los dos"},"content":{"rendered":"<p>Ocurri\u00f3 en la ruta nacional 14, en Misiones, cerca de la localidad de Fracr\u00e1n.Las v\u00edctimas fueron Jos\u00e9 Dar\u00edo Ar\u00e9valo (28) y Micaela Soledad Golhardt (21). Ten\u00edan dos hijos.La camioneta Ford Territory fue abandonada tras el impacto. Hab\u00eda sido robada en Buenos Aires.<\/p>","protected":false},"excerpt":{"rendered":"<p>Ocurri\u00f3 en la ruta nacional 14, en Misiones, cerca de la localidad de Fracr\u00e1n.Las v\u00edctimas fueron Jos\u00e9 Dar\u00edo Ar\u00e9valo (28) y Micaela Soledad Golhardt (21). Ten\u00edan dos hijos.La camioneta Ford Territory fue abandonada tras el impacto. Hab\u00eda sido robada en Buenos Aires.<\/p>\n","protected":false},"author":0,"featured_media":0,"comment_status":"","ping_status":"","sticky":false,"template":"","format":"standard","meta":{"footnotes":""},"categories":[1],"tags":[],"class_list":["post-50627","post","type-post","status-publish","format-standard","has-post-thumbnail","hentry","category-sin-categoria"],"_links":{"self":[{"href":"http:\/\/fmdelpueblo.ar\/index.php?rest_route=\/wp\/v2\/posts\/50627","targetHints":{"allow":["GET"]}}],"collection":[{"href":"http:\/\/fmdelpueblo.ar\/index.php?rest_route=\/wp\/v2\/posts"}],"about":[{"href":"http:\/\/fmdelpueblo.ar\/index.php?rest_route=\/wp\/v2\/types\/post"}],"replies":[{"embeddable":true,"href":"http:\/\/fmdelpueblo.ar\/index.php?rest_route=%2Fwp%2Fv2%2Fcomments&post=50627"}],"version-history":[{"count":0,"href":"http:\/\/fmdelpueblo.ar\/index.php?rest_route=\/wp\/v2\/posts\/50627\/revisions"}],"wp:attachment":[{"href":"http:\/\/fmdelpueblo.ar\/index.php?rest_route=%2Fwp%2Fv2%2Fmedia&parent=50627"}],"wp:term":[{"taxonomy":"category","embeddable":true,"href":"http:\/\/fmdelpueblo.ar\/index.php?rest_route=%2Fwp%2Fv2%2Fcategories&post=50627"},{"taxonomy":"post_tag","embeddable":true,"href":"http:\/\/fmdelpueblo.ar\/index.php?rest_route=%2Fwp%2Fv2%2Ftags&post=50627"}],"curies":[{"name":"wp","href":"https:\/\/api.w.org\/{rel}","templated":true}]}}