{"id":50624,"date":"2026-08-31T07:08:57","date_gmt":"2026-08-31T10:08:57","guid":{"rendered":"https:\/\/fmdelpueblo.ar\/?p=50624"},"modified":"2026-08-31T07:08:57","modified_gmt":"2026-08-31T10:08:57","slug":"trump-aun-insinua-postularse-por-tercera-vez-pero-habla-mas-de-la-vida-tras-2028","status":"publish","type":"post","link":"http:\/\/fmdelpueblo.ar\/?p=50624","title":{"rendered":"Trump a\u00fan insin\u00faa postularse por tercera vez, pero habla m\u00e1s de la vida tras 2028"},"content":{"rendered":"<p>Trump insin\u00faa su retiro tras su mandato, aunque bromea con un tercer t\u00e9rmino. Sus discursos revelan una reflexi\u00f3n sobre su legado.La Casa Blanca desestima las sugerencias de que Trump piense en su sucesi\u00f3n, mientras \u00e9l sigue promoviendo su lema para 2028.<\/p>","protected":false},"excerpt":{"rendered":"<p>Trump insin\u00faa su retiro tras su mandato, aunque bromea con un tercer t\u00e9rmino. Sus discursos revelan una reflexi\u00f3n sobre su legado.La Casa Blanca desestima las sugerencias de que Trump piense en su sucesi\u00f3n, mientras \u00e9l sigue promoviendo su lema para 2028.<\/p>\n","protected":false},"author":0,"featured_media":0,"comment_status":"","ping_status":"","sticky":false,"template":"","format":"standard","meta":{"footnotes":""},"categories":[1],"tags":[],"class_list":["post-50624","post","type-post","status-publish","format-standard","has-post-thumbnail","hentry","category-sin-categoria"],"_links":{"self":[{"href":"http:\/\/fmdelpueblo.ar\/index.php?rest_route=\/wp\/v2\/posts\/50624","targetHints":{"allow":["GET"]}}],"collection":[{"href":"http:\/\/fmdelpueblo.ar\/index.php?rest_route=\/wp\/v2\/posts"}],"about":[{"href":"http:\/\/fmdelpueblo.ar\/index.php?rest_route=\/wp\/v2\/types\/post"}],"replies":[{"embeddable":true,"href":"http:\/\/fmdelpueblo.ar\/index.php?rest_route=%2Fwp%2Fv2%2Fcomments&post=50624"}],"version-history":[{"count":0,"href":"http:\/\/fmdelpueblo.ar\/index.php?rest_route=\/wp\/v2\/posts\/50624\/revisions"}],"wp:attachment":[{"href":"http:\/\/fmdelpueblo.ar\/index.php?rest_route=%2Fwp%2Fv2%2Fmedia&parent=50624"}],"wp:term":[{"taxonomy":"category","embeddable":true,"href":"http:\/\/fmdelpueblo.ar\/index.php?rest_route=%2Fwp%2Fv2%2Fcategories&post=50624"},{"taxonomy":"post_tag","embeddable":true,"href":"http:\/\/fmdelpueblo.ar\/index.php?rest_route=%2Fwp%2Fv2%2Ftags&post=50624"}],"curies":[{"name":"wp","href":"https:\/\/api.w.org\/{rel}","templated":true}]}}