{"id":50623,"date":"2026-08-31T07:08:56","date_gmt":"2026-08-31T10:08:56","guid":{"rendered":"https:\/\/fmdelpueblo.ar\/?p=50623"},"modified":"2026-08-31T07:08:56","modified_gmt":"2026-08-31T10:08:56","slug":"omar-ayuso-cuando-eres-pequeno-y-no-sabes-muy-bien-que-te-pasa-ni-quien-eres-porque-no-ves-a-nadie-a-tu-alrededor-como-tu-la-musica-puede-convertirse-en-un-salvavidas","status":"publish","type":"post","link":"http:\/\/fmdelpueblo.ar\/?p=50623","title":{"rendered":"Omar Ayuso: \u201cCuando eres peque\u00f1o y no sabes muy bien qu\u00e9 te pasa ni qui\u00e9n eres, porque no ves a nadie a tu alrededor como t\u00fa, la m\u00fasica puede convertirse en un salvavidas\u201d"},"content":{"rendered":"<p>El actor asegur\u00f3 que la m\u00fasica fue un refugio durante su infancia y una pieza clave en la construcci\u00f3n de su identidad.Tambi\u00e9n repas\u00f3 c\u00f3mo cambi\u00f3 su relaci\u00f3n con la fama y los desaf\u00edos que enfrent\u00f3 al protagonizar un musical.<\/p>","protected":false},"excerpt":{"rendered":"<p>El actor asegur\u00f3 que la m\u00fasica fue un refugio durante su infancia y una pieza clave en la construcci\u00f3n de su identidad.Tambi\u00e9n repas\u00f3 c\u00f3mo cambi\u00f3 su relaci\u00f3n con la fama y los desaf\u00edos que enfrent\u00f3 al protagonizar un musical.<\/p>\n","protected":false},"author":0,"featured_media":0,"comment_status":"","ping_status":"","sticky":false,"template":"","format":"standard","meta":{"footnotes":""},"categories":[1],"tags":[],"class_list":["post-50623","post","type-post","status-publish","format-standard","has-post-thumbnail","hentry","category-sin-categoria"],"_links":{"self":[{"href":"http:\/\/fmdelpueblo.ar\/index.php?rest_route=\/wp\/v2\/posts\/50623","targetHints":{"allow":["GET"]}}],"collection":[{"href":"http:\/\/fmdelpueblo.ar\/index.php?rest_route=\/wp\/v2\/posts"}],"about":[{"href":"http:\/\/fmdelpueblo.ar\/index.php?rest_route=\/wp\/v2\/types\/post"}],"replies":[{"embeddable":true,"href":"http:\/\/fmdelpueblo.ar\/index.php?rest_route=%2Fwp%2Fv2%2Fcomments&post=50623"}],"version-history":[{"count":0,"href":"http:\/\/fmdelpueblo.ar\/index.php?rest_route=\/wp\/v2\/posts\/50623\/revisions"}],"wp:attachment":[{"href":"http:\/\/fmdelpueblo.ar\/index.php?rest_route=%2Fwp%2Fv2%2Fmedia&parent=50623"}],"wp:term":[{"taxonomy":"category","embeddable":true,"href":"http:\/\/fmdelpueblo.ar\/index.php?rest_route=%2Fwp%2Fv2%2Fcategories&post=50623"},{"taxonomy":"post_tag","embeddable":true,"href":"http:\/\/fmdelpueblo.ar\/index.php?rest_route=%2Fwp%2Fv2%2Ftags&post=50623"}],"curies":[{"name":"wp","href":"https:\/\/api.w.org\/{rel}","templated":true}]}}