{"id":50622,"date":"2026-08-31T07:08:56","date_gmt":"2026-08-31T10:08:56","guid":{"rendered":"https:\/\/fmdelpueblo.ar\/?p=50622"},"modified":"2026-08-31T07:08:56","modified_gmt":"2026-08-31T10:08:56","slug":"vive-en-una-isla-y-esta-en-peligro-critico-de-extincion-asi-es-el-tigre-mas-pequeno-del-mundo","status":"publish","type":"post","link":"http:\/\/fmdelpueblo.ar\/?p=50622","title":{"rendered":"Vive en una isla y est\u00e1 en peligro cr\u00edtico de extinci\u00f3n: as\u00ed es el tigre m\u00e1s peque\u00f1o del mundo"},"content":{"rendered":"<p>El tigre de Sumatra es una subespecie de tigre que se separ\u00f3 de sus antepasados hace once mil a\u00f1os.La tala de su h\u00e1bitat y la caza indiscriminada redujeron dr\u00e1sticamente su poblaci\u00f3n, dejando menos de 400 ejemplares en estado salvaje en la isla de Sumatra.<\/p>","protected":false},"excerpt":{"rendered":"<p>El tigre de Sumatra es una subespecie de tigre que se separ\u00f3 de sus antepasados hace once mil a\u00f1os.La tala de su h\u00e1bitat y la caza indiscriminada redujeron dr\u00e1sticamente su poblaci\u00f3n, dejando menos de 400 ejemplares en estado salvaje en la isla de Sumatra.<\/p>\n","protected":false},"author":0,"featured_media":0,"comment_status":"","ping_status":"","sticky":false,"template":"","format":"standard","meta":{"footnotes":""},"categories":[1],"tags":[],"class_list":["post-50622","post","type-post","status-publish","format-standard","has-post-thumbnail","hentry","category-sin-categoria"],"_links":{"self":[{"href":"http:\/\/fmdelpueblo.ar\/index.php?rest_route=\/wp\/v2\/posts\/50622","targetHints":{"allow":["GET"]}}],"collection":[{"href":"http:\/\/fmdelpueblo.ar\/index.php?rest_route=\/wp\/v2\/posts"}],"about":[{"href":"http:\/\/fmdelpueblo.ar\/index.php?rest_route=\/wp\/v2\/types\/post"}],"replies":[{"embeddable":true,"href":"http:\/\/fmdelpueblo.ar\/index.php?rest_route=%2Fwp%2Fv2%2Fcomments&post=50622"}],"version-history":[{"count":0,"href":"http:\/\/fmdelpueblo.ar\/index.php?rest_route=\/wp\/v2\/posts\/50622\/revisions"}],"wp:attachment":[{"href":"http:\/\/fmdelpueblo.ar\/index.php?rest_route=%2Fwp%2Fv2%2Fmedia&parent=50622"}],"wp:term":[{"taxonomy":"category","embeddable":true,"href":"http:\/\/fmdelpueblo.ar\/index.php?rest_route=%2Fwp%2Fv2%2Fcategories&post=50622"},{"taxonomy":"post_tag","embeddable":true,"href":"http:\/\/fmdelpueblo.ar\/index.php?rest_route=%2Fwp%2Fv2%2Ftags&post=50622"}],"curies":[{"name":"wp","href":"https:\/\/api.w.org\/{rel}","templated":true}]}}