{"id":50618,"date":"2026-08-31T06:08:54","date_gmt":"2026-08-31T09:08:54","guid":{"rendered":"https:\/\/fmdelpueblo.ar\/?p=50618"},"modified":"2026-08-31T06:08:54","modified_gmt":"2026-08-31T09:08:54","slug":"oficial-y-confirmado-por-abbott-cuando-entraria-en-vigor-la-ley-con-el-nuevo-horario-de-verano-permanente-en-texas","status":"publish","type":"post","link":"http:\/\/fmdelpueblo.ar\/?p=50618","title":{"rendered":"Oficial y confirmado por Abbott | Cu\u00e1ndo entrar\u00eda en vigor la ley con el nuevo horario de verano permanente en Texas"},"content":{"rendered":"<p>La medida depende de la aprobaci\u00f3n de una legislaci\u00f3n federal para que se realice en todo el pa\u00eds.En Washington D. C. ya tiene media sanci\u00f3n del Congreso. Pero hay divergencias.<\/p>","protected":false},"excerpt":{"rendered":"<p>La medida depende de la aprobaci\u00f3n de una legislaci\u00f3n federal para que se realice en todo el pa\u00eds.En Washington D. C. ya tiene media sanci\u00f3n del Congreso. Pero hay divergencias.<\/p>\n","protected":false},"author":0,"featured_media":0,"comment_status":"","ping_status":"","sticky":false,"template":"","format":"standard","meta":{"footnotes":""},"categories":[1],"tags":[],"class_list":["post-50618","post","type-post","status-publish","format-standard","has-post-thumbnail","hentry","category-sin-categoria"],"_links":{"self":[{"href":"http:\/\/fmdelpueblo.ar\/index.php?rest_route=\/wp\/v2\/posts\/50618","targetHints":{"allow":["GET"]}}],"collection":[{"href":"http:\/\/fmdelpueblo.ar\/index.php?rest_route=\/wp\/v2\/posts"}],"about":[{"href":"http:\/\/fmdelpueblo.ar\/index.php?rest_route=\/wp\/v2\/types\/post"}],"replies":[{"embeddable":true,"href":"http:\/\/fmdelpueblo.ar\/index.php?rest_route=%2Fwp%2Fv2%2Fcomments&post=50618"}],"version-history":[{"count":0,"href":"http:\/\/fmdelpueblo.ar\/index.php?rest_route=\/wp\/v2\/posts\/50618\/revisions"}],"wp:attachment":[{"href":"http:\/\/fmdelpueblo.ar\/index.php?rest_route=%2Fwp%2Fv2%2Fmedia&parent=50618"}],"wp:term":[{"taxonomy":"category","embeddable":true,"href":"http:\/\/fmdelpueblo.ar\/index.php?rest_route=%2Fwp%2Fv2%2Fcategories&post=50618"},{"taxonomy":"post_tag","embeddable":true,"href":"http:\/\/fmdelpueblo.ar\/index.php?rest_route=%2Fwp%2Fv2%2Ftags&post=50618"}],"curies":[{"name":"wp","href":"https:\/\/api.w.org\/{rel}","templated":true}]}}