{"id":50617,"date":"2026-08-31T06:08:54","date_gmt":"2026-08-31T09:08:54","guid":{"rendered":"https:\/\/fmdelpueblo.ar\/?p=50617"},"modified":"2026-08-31T06:08:54","modified_gmt":"2026-08-31T09:08:54","slug":"facaff-8-una-celebracion-del-tango-que-se-mueve-por-fuera-del-circuito","status":"publish","type":"post","link":"http:\/\/fmdelpueblo.ar\/?p=50617","title":{"rendered":"FACAFF 8: una celebraci\u00f3n del tango que se mueve por fuera del circuito"},"content":{"rendered":"<p>Con conciertos, presentaciones de discos, feria de libros y el Tercer Festival del Bandone\u00f3n Osvaldo Ruggiero, el encuentro propone durante septiembre una nueva cumbre del tango actual, sostenida desde la autogesti\u00f3n art\u00edstica y laboral.Del 4 al 27 de septiembre en el Club Atl\u00e9tico Fern\u00e1ndez Fierro.<\/p>","protected":false},"excerpt":{"rendered":"<p>Con conciertos, presentaciones de discos, feria de libros y el Tercer Festival del Bandone\u00f3n Osvaldo Ruggiero, el encuentro propone durante septiembre una nueva cumbre del tango actual, sostenida desde la autogesti\u00f3n art\u00edstica y laboral.Del 4 al 27 de septiembre en el Club Atl\u00e9tico Fern\u00e1ndez Fierro.<\/p>\n","protected":false},"author":0,"featured_media":0,"comment_status":"","ping_status":"","sticky":false,"template":"","format":"standard","meta":{"footnotes":""},"categories":[1],"tags":[],"class_list":["post-50617","post","type-post","status-publish","format-standard","has-post-thumbnail","hentry","category-sin-categoria"],"_links":{"self":[{"href":"http:\/\/fmdelpueblo.ar\/index.php?rest_route=\/wp\/v2\/posts\/50617","targetHints":{"allow":["GET"]}}],"collection":[{"href":"http:\/\/fmdelpueblo.ar\/index.php?rest_route=\/wp\/v2\/posts"}],"about":[{"href":"http:\/\/fmdelpueblo.ar\/index.php?rest_route=\/wp\/v2\/types\/post"}],"replies":[{"embeddable":true,"href":"http:\/\/fmdelpueblo.ar\/index.php?rest_route=%2Fwp%2Fv2%2Fcomments&post=50617"}],"version-history":[{"count":0,"href":"http:\/\/fmdelpueblo.ar\/index.php?rest_route=\/wp\/v2\/posts\/50617\/revisions"}],"wp:attachment":[{"href":"http:\/\/fmdelpueblo.ar\/index.php?rest_route=%2Fwp%2Fv2%2Fmedia&parent=50617"}],"wp:term":[{"taxonomy":"category","embeddable":true,"href":"http:\/\/fmdelpueblo.ar\/index.php?rest_route=%2Fwp%2Fv2%2Fcategories&post=50617"},{"taxonomy":"post_tag","embeddable":true,"href":"http:\/\/fmdelpueblo.ar\/index.php?rest_route=%2Fwp%2Fv2%2Ftags&post=50617"}],"curies":[{"name":"wp","href":"https:\/\/api.w.org\/{rel}","templated":true}]}}