{"id":50614,"date":"2026-08-31T05:09:00","date_gmt":"2026-08-31T08:09:00","guid":{"rendered":"https:\/\/fmdelpueblo.ar\/?p=50614"},"modified":"2026-08-31T05:09:00","modified_gmt":"2026-08-31T08:09:00","slug":"el-problema-serio-que-admitio-novak-djokovic-tras-caer-ante-navone-en-el-us-open-2026-y-el-logro-historico-del-argentino","status":"publish","type":"post","link":"http:\/\/fmdelpueblo.ar\/?p=50614","title":{"rendered":"El \u00abproblema serio\u00bb que admiti\u00f3 Novak Djokovic tras caer ante Navone en el US Open 2026 y el logro \u00abhist\u00f3rico\u00bb del argentino"},"content":{"rendered":"<p>Luego de su primera derrota en un debut en el abierto estadounidense, el serbio, que termin\u00f3 el juego con complicaciones f\u00edsicas, dijo que es algo que \u00abarrastra pr\u00e1cticamente todos los partidos\u00bb. Por su lado, el bonaerense reconoci\u00f3 que vencer al exn\u00famero 1 del mundo era un sue\u00f1o.<\/p>","protected":false},"excerpt":{"rendered":"<p>Luego de su primera derrota en un debut en el abierto estadounidense, el serbio, que termin\u00f3 el juego con complicaciones f\u00edsicas, dijo que es algo que \u00abarrastra pr\u00e1cticamente todos los partidos\u00bb. Por su lado, el bonaerense reconoci\u00f3 que vencer al exn\u00famero 1 del mundo era un sue\u00f1o.<\/p>\n","protected":false},"author":0,"featured_media":0,"comment_status":"","ping_status":"","sticky":false,"template":"","format":"standard","meta":{"footnotes":""},"categories":[1],"tags":[],"class_list":["post-50614","post","type-post","status-publish","format-standard","has-post-thumbnail","hentry","category-sin-categoria"],"_links":{"self":[{"href":"http:\/\/fmdelpueblo.ar\/index.php?rest_route=\/wp\/v2\/posts\/50614","targetHints":{"allow":["GET"]}}],"collection":[{"href":"http:\/\/fmdelpueblo.ar\/index.php?rest_route=\/wp\/v2\/posts"}],"about":[{"href":"http:\/\/fmdelpueblo.ar\/index.php?rest_route=\/wp\/v2\/types\/post"}],"replies":[{"embeddable":true,"href":"http:\/\/fmdelpueblo.ar\/index.php?rest_route=%2Fwp%2Fv2%2Fcomments&post=50614"}],"version-history":[{"count":0,"href":"http:\/\/fmdelpueblo.ar\/index.php?rest_route=\/wp\/v2\/posts\/50614\/revisions"}],"wp:attachment":[{"href":"http:\/\/fmdelpueblo.ar\/index.php?rest_route=%2Fwp%2Fv2%2Fmedia&parent=50614"}],"wp:term":[{"taxonomy":"category","embeddable":true,"href":"http:\/\/fmdelpueblo.ar\/index.php?rest_route=%2Fwp%2Fv2%2Fcategories&post=50614"},{"taxonomy":"post_tag","embeddable":true,"href":"http:\/\/fmdelpueblo.ar\/index.php?rest_route=%2Fwp%2Fv2%2Ftags&post=50614"}],"curies":[{"name":"wp","href":"https:\/\/api.w.org\/{rel}","templated":true}]}}