{"id":50611,"date":"2026-08-31T05:08:58","date_gmt":"2026-08-31T08:08:58","guid":{"rendered":"https:\/\/fmdelpueblo.ar\/?p=50611"},"modified":"2026-08-31T05:08:58","modified_gmt":"2026-08-31T08:08:58","slug":"emiratos-arabes-unidos-dice-que-intercepto-un-dron-irani-sobre-sus-aguas-territoriales","status":"publish","type":"post","link":"http:\/\/fmdelpueblo.ar\/?p=50611","title":{"rendered":"Emiratos \u00c1rabes Unidos dice que intercept\u00f3 un dron iran\u00ed sobre sus aguas territoriales"},"content":{"rendered":"<p>La aviaci\u00f3n de Emiratos \u00c1rabes Unidos intercept\u00f3 un dron iran\u00ed tras un intercambio de ataques entre EE.UU. e Ir\u00e1n en el estrecho de Ormuz.EE.UU. atac\u00f3 lanzacohetes iran\u00edes y, en respuesta, Ir\u00e1n lanz\u00f3 misiles hacia bases estadounidenses en Jordania, intensificando las tensiones.<\/p>","protected":false},"excerpt":{"rendered":"<p>La aviaci\u00f3n de Emiratos \u00c1rabes Unidos intercept\u00f3 un dron iran\u00ed tras un intercambio de ataques entre EE.UU. e Ir\u00e1n en el estrecho de Ormuz.EE.UU. atac\u00f3 lanzacohetes iran\u00edes y, en respuesta, Ir\u00e1n lanz\u00f3 misiles hacia bases estadounidenses en Jordania, intensificando las tensiones.<\/p>\n","protected":false},"author":0,"featured_media":0,"comment_status":"","ping_status":"","sticky":false,"template":"","format":"standard","meta":{"footnotes":""},"categories":[1],"tags":[],"class_list":["post-50611","post","type-post","status-publish","format-standard","has-post-thumbnail","hentry","category-sin-categoria"],"_links":{"self":[{"href":"http:\/\/fmdelpueblo.ar\/index.php?rest_route=\/wp\/v2\/posts\/50611","targetHints":{"allow":["GET"]}}],"collection":[{"href":"http:\/\/fmdelpueblo.ar\/index.php?rest_route=\/wp\/v2\/posts"}],"about":[{"href":"http:\/\/fmdelpueblo.ar\/index.php?rest_route=\/wp\/v2\/types\/post"}],"replies":[{"embeddable":true,"href":"http:\/\/fmdelpueblo.ar\/index.php?rest_route=%2Fwp%2Fv2%2Fcomments&post=50611"}],"version-history":[{"count":0,"href":"http:\/\/fmdelpueblo.ar\/index.php?rest_route=\/wp\/v2\/posts\/50611\/revisions"}],"wp:attachment":[{"href":"http:\/\/fmdelpueblo.ar\/index.php?rest_route=%2Fwp%2Fv2%2Fmedia&parent=50611"}],"wp:term":[{"taxonomy":"category","embeddable":true,"href":"http:\/\/fmdelpueblo.ar\/index.php?rest_route=%2Fwp%2Fv2%2Fcategories&post=50611"},{"taxonomy":"post_tag","embeddable":true,"href":"http:\/\/fmdelpueblo.ar\/index.php?rest_route=%2Fwp%2Fv2%2Ftags&post=50611"}],"curies":[{"name":"wp","href":"https:\/\/api.w.org\/{rel}","templated":true}]}}