{"id":50609,"date":"2026-08-31T05:08:57","date_gmt":"2026-08-31T08:08:57","guid":{"rendered":"https:\/\/fmdelpueblo.ar\/?p=50609"},"modified":"2026-08-31T05:08:57","modified_gmt":"2026-08-31T08:08:57","slug":"los-cortes-de-pelo-corto-que-mas-favorecen-a-partir-de-los-50-anos-y-dan-volumen-al-cabello-fino","status":"publish","type":"post","link":"http:\/\/fmdelpueblo.ar\/?p=50609","title":{"rendered":"Los cortes de pelo corto que m\u00e1s favorecen a partir de los 50 a\u00f1os y dan volumen al cabello fino"},"content":{"rendered":"<p>Ni todo volumen ni todo peso: la clave de estos cortes est\u00e1 en un equilibrio que muy pocas veces se explica bien.<\/p>","protected":false},"excerpt":{"rendered":"<p>Ni todo volumen ni todo peso: la clave de estos cortes est\u00e1 en un equilibrio que muy pocas veces se explica bien.<\/p>\n","protected":false},"author":0,"featured_media":0,"comment_status":"","ping_status":"","sticky":false,"template":"","format":"standard","meta":{"footnotes":""},"categories":[1],"tags":[],"class_list":["post-50609","post","type-post","status-publish","format-standard","has-post-thumbnail","hentry","category-sin-categoria"],"_links":{"self":[{"href":"http:\/\/fmdelpueblo.ar\/index.php?rest_route=\/wp\/v2\/posts\/50609","targetHints":{"allow":["GET"]}}],"collection":[{"href":"http:\/\/fmdelpueblo.ar\/index.php?rest_route=\/wp\/v2\/posts"}],"about":[{"href":"http:\/\/fmdelpueblo.ar\/index.php?rest_route=\/wp\/v2\/types\/post"}],"replies":[{"embeddable":true,"href":"http:\/\/fmdelpueblo.ar\/index.php?rest_route=%2Fwp%2Fv2%2Fcomments&post=50609"}],"version-history":[{"count":0,"href":"http:\/\/fmdelpueblo.ar\/index.php?rest_route=\/wp\/v2\/posts\/50609\/revisions"}],"wp:attachment":[{"href":"http:\/\/fmdelpueblo.ar\/index.php?rest_route=%2Fwp%2Fv2%2Fmedia&parent=50609"}],"wp:term":[{"taxonomy":"category","embeddable":true,"href":"http:\/\/fmdelpueblo.ar\/index.php?rest_route=%2Fwp%2Fv2%2Fcategories&post=50609"},{"taxonomy":"post_tag","embeddable":true,"href":"http:\/\/fmdelpueblo.ar\/index.php?rest_route=%2Fwp%2Fv2%2Ftags&post=50609"}],"curies":[{"name":"wp","href":"https:\/\/api.w.org\/{rel}","templated":true}]}}