{"id":505,"date":"2021-10-30T18:13:35","date_gmt":"2021-10-30T18:13:35","guid":{"rendered":"https:\/\/fmdelpueblo.ar\/?p=505"},"modified":"2021-10-30T18:13:35","modified_gmt":"2021-10-30T18:13:35","slug":"vidal-lo-que-el-presidente-dijo-en-el-g20-es-mentira-sabe-bien-que-el-pais-no-estaba-desendeudado","status":"publish","type":"post","link":"http:\/\/fmdelpueblo.ar\/?p=505","title":{"rendered":"Vidal: \u00abLo que el Presidente dijo en el G20 es mentira, sabe bien que el pa\u00eds no estaba desendeudado\u00bb"},"content":{"rendered":"<\/p>\n<p>\u00abLa gesti\u00f3n de Cristina Kirchner dej\u00f3 una deuda de 240 mil millones de d\u00f3lares, por eso debimos tomar ese pr\u00e9stamo del FMI\u00bb, indic\u00f3 la exgobernadora bonaerense en declaraciones radiales.  <a href=\"https:\/\/www.perfil.com\/noticias\/politica\/vidal-el-presidente-fue-a-mentir-ante-el-g20-el-sabe-bien-que-lo-que-dijo-es-falso.phtml\">Leer m\u00e1s<\/a><\/p>\n","protected":false},"excerpt":{"rendered":"<p>\u00abLa gesti\u00f3n de Cristina Kirchner dej\u00f3 una deuda de 240 mil millones de d\u00f3lares, por eso debimos tomar ese pr\u00e9stamo del FMI\u00bb, indic\u00f3 la exgobernadora bonaerense en declaraciones radiales. Leer m\u00e1s<\/p>\n","protected":false},"author":0,"featured_media":0,"comment_status":"","ping_status":"","sticky":false,"template":"","format":"standard","meta":{"footnotes":""},"categories":[1],"tags":[],"class_list":["post-505","post","type-post","status-publish","format-standard","hentry","category-sin-categoria"],"_links":{"self":[{"href":"http:\/\/fmdelpueblo.ar\/index.php?rest_route=\/wp\/v2\/posts\/505","targetHints":{"allow":["GET"]}}],"collection":[{"href":"http:\/\/fmdelpueblo.ar\/index.php?rest_route=\/wp\/v2\/posts"}],"about":[{"href":"http:\/\/fmdelpueblo.ar\/index.php?rest_route=\/wp\/v2\/types\/post"}],"replies":[{"embeddable":true,"href":"http:\/\/fmdelpueblo.ar\/index.php?rest_route=%2Fwp%2Fv2%2Fcomments&post=505"}],"version-history":[{"count":0,"href":"http:\/\/fmdelpueblo.ar\/index.php?rest_route=\/wp\/v2\/posts\/505\/revisions"}],"wp:attachment":[{"href":"http:\/\/fmdelpueblo.ar\/index.php?rest_route=%2Fwp%2Fv2%2Fmedia&parent=505"}],"wp:term":[{"taxonomy":"category","embeddable":true,"href":"http:\/\/fmdelpueblo.ar\/index.php?rest_route=%2Fwp%2Fv2%2Fcategories&post=505"},{"taxonomy":"post_tag","embeddable":true,"href":"http:\/\/fmdelpueblo.ar\/index.php?rest_route=%2Fwp%2Fv2%2Ftags&post=505"}],"curies":[{"name":"wp","href":"https:\/\/api.w.org\/{rel}","templated":true}]}}