{"id":50441,"date":"2026-08-30T06:08:54","date_gmt":"2026-08-30T09:08:54","guid":{"rendered":"http:\/\/fmdelpueblo.ar\/?p=50441"},"modified":"2026-08-30T06:08:54","modified_gmt":"2026-08-30T09:08:54","slug":"esther-canadas-modelo-49-anos-durante-anos-solo-desayune-comi-y-cene-arroz-blanco","status":"publish","type":"post","link":"http:\/\/fmdelpueblo.ar\/?p=50441","title":{"rendered":"Esther Ca\u00f1adas, modelo, 49 a\u00f1os: \u00abDurante a\u00f1os, solo desayun\u00e9, com\u00ed y cen\u00e9 arroz blanco\u00bb"},"content":{"rendered":"<p>La modelo espa\u00f1ola record\u00f3 c\u00f3mo fueron sus primeros a\u00f1os lejos de su familia. Adem\u00e1s, las dificultades cotidianas que atraves\u00f3 mientras comenzaba su carrera.<\/p>","protected":false},"excerpt":{"rendered":"<p>La modelo espa\u00f1ola record\u00f3 c\u00f3mo fueron sus primeros a\u00f1os lejos de su familia. Adem\u00e1s, las dificultades cotidianas que atraves\u00f3 mientras comenzaba su carrera.<\/p>\n","protected":false},"author":0,"featured_media":0,"comment_status":"","ping_status":"","sticky":false,"template":"","format":"standard","meta":{"footnotes":""},"categories":[1],"tags":[],"class_list":["post-50441","post","type-post","status-publish","format-standard","has-post-thumbnail","hentry","category-sin-categoria"],"_links":{"self":[{"href":"http:\/\/fmdelpueblo.ar\/index.php?rest_route=\/wp\/v2\/posts\/50441","targetHints":{"allow":["GET"]}}],"collection":[{"href":"http:\/\/fmdelpueblo.ar\/index.php?rest_route=\/wp\/v2\/posts"}],"about":[{"href":"http:\/\/fmdelpueblo.ar\/index.php?rest_route=\/wp\/v2\/types\/post"}],"replies":[{"embeddable":true,"href":"http:\/\/fmdelpueblo.ar\/index.php?rest_route=%2Fwp%2Fv2%2Fcomments&post=50441"}],"version-history":[{"count":0,"href":"http:\/\/fmdelpueblo.ar\/index.php?rest_route=\/wp\/v2\/posts\/50441\/revisions"}],"wp:attachment":[{"href":"http:\/\/fmdelpueblo.ar\/index.php?rest_route=%2Fwp%2Fv2%2Fmedia&parent=50441"}],"wp:term":[{"taxonomy":"category","embeddable":true,"href":"http:\/\/fmdelpueblo.ar\/index.php?rest_route=%2Fwp%2Fv2%2Fcategories&post=50441"},{"taxonomy":"post_tag","embeddable":true,"href":"http:\/\/fmdelpueblo.ar\/index.php?rest_route=%2Fwp%2Fv2%2Ftags&post=50441"}],"curies":[{"name":"wp","href":"https:\/\/api.w.org\/{rel}","templated":true}]}}