{"id":504,"date":"2021-10-30T18:13:35","date_gmt":"2021-10-30T18:13:35","guid":{"rendered":"https:\/\/fmdelpueblo.ar\/?p=504"},"modified":"2021-10-30T18:13:35","modified_gmt":"2021-10-30T18:13:35","slug":"angela-merkel-macron-y-pedro-sanchez-la-importante-agenda-del-presidente-en-roma","status":"publish","type":"post","link":"http:\/\/fmdelpueblo.ar\/?p=504","title":{"rendered":"Angela Merkel, Macron y Pedro S\u00e1nchez: la importante agenda del Presidente en Roma"},"content":{"rendered":"<\/p>\n<p>Alberto Fern\u00e1ndez tambi\u00e9n estuvo este s\u00e1bado con el titular del Consejo Europeo, Charles Michel, y con la presidenta de la Comisi\u00f3n Europea, la belga \u00darsula von der Leyen. Lo acompa\u00f1aron Cafiero, Guzm\u00e1n, Beliz y Jorge Arg\u00fcello. <a href=\"https:\/\/www.perfil.com\/noticias\/politica\/en-roma-el-presidente-mantuvo-encuentros-bilaterales-con-merkel-macron-sanchez-y-las-maximas-autoridades-de-europa.phtml\">Leer m\u00e1s<\/a><\/p>\n","protected":false},"excerpt":{"rendered":"<p>Alberto Fern\u00e1ndez tambi\u00e9n estuvo este s\u00e1bado con el titular del Consejo Europeo, Charles Michel, y con la presidenta de la Comisi\u00f3n Europea, la belga \u00darsula von der Leyen. Lo acompa\u00f1aron Cafiero, Guzm\u00e1n, Beliz y Jorge Arg\u00fcello. Leer m\u00e1s<\/p>\n","protected":false},"author":0,"featured_media":0,"comment_status":"","ping_status":"","sticky":false,"template":"","format":"standard","meta":{"footnotes":""},"categories":[1],"tags":[],"class_list":["post-504","post","type-post","status-publish","format-standard","hentry","category-sin-categoria"],"_links":{"self":[{"href":"http:\/\/fmdelpueblo.ar\/index.php?rest_route=\/wp\/v2\/posts\/504","targetHints":{"allow":["GET"]}}],"collection":[{"href":"http:\/\/fmdelpueblo.ar\/index.php?rest_route=\/wp\/v2\/posts"}],"about":[{"href":"http:\/\/fmdelpueblo.ar\/index.php?rest_route=\/wp\/v2\/types\/post"}],"replies":[{"embeddable":true,"href":"http:\/\/fmdelpueblo.ar\/index.php?rest_route=%2Fwp%2Fv2%2Fcomments&post=504"}],"version-history":[{"count":0,"href":"http:\/\/fmdelpueblo.ar\/index.php?rest_route=\/wp\/v2\/posts\/504\/revisions"}],"wp:attachment":[{"href":"http:\/\/fmdelpueblo.ar\/index.php?rest_route=%2Fwp%2Fv2%2Fmedia&parent=504"}],"wp:term":[{"taxonomy":"category","embeddable":true,"href":"http:\/\/fmdelpueblo.ar\/index.php?rest_route=%2Fwp%2Fv2%2Fcategories&post=504"},{"taxonomy":"post_tag","embeddable":true,"href":"http:\/\/fmdelpueblo.ar\/index.php?rest_route=%2Fwp%2Fv2%2Ftags&post=504"}],"curies":[{"name":"wp","href":"https:\/\/api.w.org\/{rel}","templated":true}]}}