{"id":50371,"date":"2026-08-29T19:08:58","date_gmt":"2026-08-29T22:08:58","guid":{"rendered":"http:\/\/fmdelpueblo.ar\/?p=50371"},"modified":"2026-08-29T19:08:58","modified_gmt":"2026-08-29T22:08:58","slug":"el-gobierno-arma-un-proyecto-para-achicar-comodoro-py-los-tribunales-donde-se-investiga-la-corrupcion","status":"publish","type":"post","link":"http:\/\/fmdelpueblo.ar\/?p=50371","title":{"rendered":"El Gobierno arma un proyecto para achicar Comodoro Py, los tribunales donde se investiga la corrupci\u00f3n"},"content":{"rendered":"<p>La iniciativa tiene que pasar por el Congreso y lleva de 12 a 10 a los juzgados federales.Adem\u00e1s, reduce los integrantes de la C\u00e1mara de Casaci\u00f3n, el m\u00e1ximo tribunal penal que es el paso previo a llegar a la Corte Suprema.<\/p>","protected":false},"excerpt":{"rendered":"<p>La iniciativa tiene que pasar por el Congreso y lleva de 12 a 10 a los juzgados federales.Adem\u00e1s, reduce los integrantes de la C\u00e1mara de Casaci\u00f3n, el m\u00e1ximo tribunal penal que es el paso previo a llegar a la Corte Suprema.<\/p>\n","protected":false},"author":0,"featured_media":0,"comment_status":"","ping_status":"","sticky":false,"template":"","format":"standard","meta":{"footnotes":""},"categories":[1],"tags":[],"class_list":["post-50371","post","type-post","status-publish","format-standard","has-post-thumbnail","hentry","category-sin-categoria"],"_links":{"self":[{"href":"http:\/\/fmdelpueblo.ar\/index.php?rest_route=\/wp\/v2\/posts\/50371","targetHints":{"allow":["GET"]}}],"collection":[{"href":"http:\/\/fmdelpueblo.ar\/index.php?rest_route=\/wp\/v2\/posts"}],"about":[{"href":"http:\/\/fmdelpueblo.ar\/index.php?rest_route=\/wp\/v2\/types\/post"}],"replies":[{"embeddable":true,"href":"http:\/\/fmdelpueblo.ar\/index.php?rest_route=%2Fwp%2Fv2%2Fcomments&post=50371"}],"version-history":[{"count":0,"href":"http:\/\/fmdelpueblo.ar\/index.php?rest_route=\/wp\/v2\/posts\/50371\/revisions"}],"wp:attachment":[{"href":"http:\/\/fmdelpueblo.ar\/index.php?rest_route=%2Fwp%2Fv2%2Fmedia&parent=50371"}],"wp:term":[{"taxonomy":"category","embeddable":true,"href":"http:\/\/fmdelpueblo.ar\/index.php?rest_route=%2Fwp%2Fv2%2Fcategories&post=50371"},{"taxonomy":"post_tag","embeddable":true,"href":"http:\/\/fmdelpueblo.ar\/index.php?rest_route=%2Fwp%2Fv2%2Ftags&post=50371"}],"curies":[{"name":"wp","href":"https:\/\/api.w.org\/{rel}","templated":true}]}}