{"id":50127,"date":"2026-08-28T15:08:59","date_gmt":"2026-08-28T18:08:59","guid":{"rendered":"https:\/\/fmdelpueblo.ar\/?p=50127"},"modified":"2026-08-28T15:08:59","modified_gmt":"2026-08-28T18:08:59","slug":"las-exportaciones-argentinas-a-la-union-europea-crecieron-un-19-en-los-primeros-siete-meses-del-ano","status":"publish","type":"post","link":"http:\/\/fmdelpueblo.ar\/?p=50127","title":{"rendered":"Las exportaciones argentinas a la Uni\u00f3n Europea crecieron un 19% en los primeros siete meses del a\u00f1o"},"content":{"rendered":"<p>Los env\u00edos totalizaron US$ 5.191 millones en ese per\u00edodo.Huevos, miel, arroz, etanol y carne bovina tuvieron la mayor participaci\u00f3n.El trimestre mayo-julio fue el mejor desde 2022.<\/p>","protected":false},"excerpt":{"rendered":"<p>Los env\u00edos totalizaron US$ 5.191 millones en ese per\u00edodo.Huevos, miel, arroz, etanol y carne bovina tuvieron la mayor participaci\u00f3n.El trimestre mayo-julio fue el mejor desde 2022.<\/p>\n","protected":false},"author":0,"featured_media":0,"comment_status":"","ping_status":"","sticky":false,"template":"","format":"standard","meta":{"footnotes":""},"categories":[1],"tags":[],"class_list":["post-50127","post","type-post","status-publish","format-standard","has-post-thumbnail","hentry","category-sin-categoria"],"_links":{"self":[{"href":"http:\/\/fmdelpueblo.ar\/index.php?rest_route=\/wp\/v2\/posts\/50127","targetHints":{"allow":["GET"]}}],"collection":[{"href":"http:\/\/fmdelpueblo.ar\/index.php?rest_route=\/wp\/v2\/posts"}],"about":[{"href":"http:\/\/fmdelpueblo.ar\/index.php?rest_route=\/wp\/v2\/types\/post"}],"replies":[{"embeddable":true,"href":"http:\/\/fmdelpueblo.ar\/index.php?rest_route=%2Fwp%2Fv2%2Fcomments&post=50127"}],"version-history":[{"count":0,"href":"http:\/\/fmdelpueblo.ar\/index.php?rest_route=\/wp\/v2\/posts\/50127\/revisions"}],"wp:attachment":[{"href":"http:\/\/fmdelpueblo.ar\/index.php?rest_route=%2Fwp%2Fv2%2Fmedia&parent=50127"}],"wp:term":[{"taxonomy":"category","embeddable":true,"href":"http:\/\/fmdelpueblo.ar\/index.php?rest_route=%2Fwp%2Fv2%2Fcategories&post=50127"},{"taxonomy":"post_tag","embeddable":true,"href":"http:\/\/fmdelpueblo.ar\/index.php?rest_route=%2Fwp%2Fv2%2Ftags&post=50127"}],"curies":[{"name":"wp","href":"https:\/\/api.w.org\/{rel}","templated":true}]}}