{"id":500,"date":"2021-10-30T15:15:58","date_gmt":"2021-10-30T15:15:58","guid":{"rendered":"https:\/\/fmdelpueblo.ar\/?p=500"},"modified":"2021-10-30T15:15:58","modified_gmt":"2021-10-30T15:15:58","slug":"alberto-fernandez-tuvo-un-encuentro-casual-con-joe-biden-y-bromeo-con-jair-bolsonaro-por-el-futbol","status":"publish","type":"post","link":"http:\/\/fmdelpueblo.ar\/?p=500","title":{"rendered":"Alberto Fern\u00e1ndez tuvo un encuentro casual con Joe Biden y brome\u00f3 con Jair Bolsonaro por el f\u00fatbol"},"content":{"rendered":"<\/p>\n<p>El mandatario estadounidense le dijo que tiene \u00abinter\u00e9s por conocerlo\u00bb y le cont\u00f3 de su reuni\u00f3n con el Papa Francisco. Con el l\u00edder brasile\u00f1o hubo sonrisas y distensi\u00f3n. Tambi\u00e9n una previa con Macron.  <a href=\"https:\/\/www.perfil.com\/noticias\/actualidad\/fernandez-tuvo-un-encuentro-casual-con-biden-y-bolsonaro-hizo-bromas-por-el-futbol.phtml\">Leer m\u00e1s<\/a><\/p>\n","protected":false},"excerpt":{"rendered":"<p>El mandatario estadounidense le dijo que tiene \u00abinter\u00e9s por conocerlo\u00bb y le cont\u00f3 de su reuni\u00f3n con el Papa Francisco. Con el l\u00edder brasile\u00f1o hubo sonrisas y distensi\u00f3n. Tambi\u00e9n una previa con Macron. Leer m\u00e1s<\/p>\n","protected":false},"author":0,"featured_media":0,"comment_status":"","ping_status":"","sticky":false,"template":"","format":"standard","meta":{"footnotes":""},"categories":[1],"tags":[],"class_list":["post-500","post","type-post","status-publish","format-standard","hentry","category-sin-categoria"],"_links":{"self":[{"href":"http:\/\/fmdelpueblo.ar\/index.php?rest_route=\/wp\/v2\/posts\/500","targetHints":{"allow":["GET"]}}],"collection":[{"href":"http:\/\/fmdelpueblo.ar\/index.php?rest_route=\/wp\/v2\/posts"}],"about":[{"href":"http:\/\/fmdelpueblo.ar\/index.php?rest_route=\/wp\/v2\/types\/post"}],"replies":[{"embeddable":true,"href":"http:\/\/fmdelpueblo.ar\/index.php?rest_route=%2Fwp%2Fv2%2Fcomments&post=500"}],"version-history":[{"count":0,"href":"http:\/\/fmdelpueblo.ar\/index.php?rest_route=\/wp\/v2\/posts\/500\/revisions"}],"wp:attachment":[{"href":"http:\/\/fmdelpueblo.ar\/index.php?rest_route=%2Fwp%2Fv2%2Fmedia&parent=500"}],"wp:term":[{"taxonomy":"category","embeddable":true,"href":"http:\/\/fmdelpueblo.ar\/index.php?rest_route=%2Fwp%2Fv2%2Fcategories&post=500"},{"taxonomy":"post_tag","embeddable":true,"href":"http:\/\/fmdelpueblo.ar\/index.php?rest_route=%2Fwp%2Fv2%2Ftags&post=500"}],"curies":[{"name":"wp","href":"https:\/\/api.w.org\/{rel}","templated":true}]}}