{"id":50,"date":"2021-10-25T18:18:21","date_gmt":"2021-10-25T18:18:21","guid":{"rendered":"https:\/\/fmdelpueblo.ar\/?p=50"},"modified":"2021-10-25T18:18:21","modified_gmt":"2021-10-25T18:18:21","slug":"luque-recorrio-los-lugares-afectados-por-el-temporal","status":"publish","type":"post","link":"http:\/\/fmdelpueblo.ar\/?p=50","title":{"rendered":"Luque recorri\u00f3 los lugares afectados por el temporal"},"content":{"rendered":"<p><img loading=\"lazy\" decoding=\"async\" class=\"alignnone size-medium wp-image-51\" src=\"http:\/\/fmdelpueblo.ar\/wp-content\/uploads\/2021\/10\/Recorrida-1-300x200.jpg\" alt=\"\" width=\"300\" height=\"200\" srcset=\"http:\/\/fmdelpueblo.ar\/wp-content\/uploads\/2021\/10\/Recorrida-1-300x200.jpg 300w, http:\/\/fmdelpueblo.ar\/wp-content\/uploads\/2021\/10\/Recorrida-1-1024x682.jpg 1024w, http:\/\/fmdelpueblo.ar\/wp-content\/uploads\/2021\/10\/Recorrida-1-768x512.jpg 768w, http:\/\/fmdelpueblo.ar\/wp-content\/uploads\/2021\/10\/Recorrida-1-370x247.jpg 370w, http:\/\/fmdelpueblo.ar\/wp-content\/uploads\/2021\/10\/Recorrida-1-760x506.jpg 760w, http:\/\/fmdelpueblo.ar\/wp-content\/uploads\/2021\/10\/Recorrida-1.jpg 1280w\" sizes=\"auto, (max-width: 300px) 100vw, 300px\" \/>El intendente recomend\u00f3 a la poblaci\u00f3n extremar los cuidados porque se espera que la alerta amarilla contin\u00fae hasta el martes. El jefe comunal tambi\u00e9n detall\u00f3 que hubo 550 intervenciones entre casas particulares, postes y \u00e1rboles ca\u00eddos, entre otras complicaciones.<\/p>\n<p>Desde el primer momento del fuerte temporal de viento que azota a Comodoro Rivadavia, la gesti\u00f3n de Juan Pablo Luque coordin\u00f3 acciones para brindar respuestas a las consecuencias producidas por las r\u00e1fagas que alcanzaron los 140 km\/h.<\/p>\n<p>Los trabajos se extendieron durante la madrugada y el intendente recorri\u00f3 la ciudad para evaluar los da\u00f1os y tomar contacto con los damnificados. El boulevard ubicado en Alsina y Rawson frente a la Cl\u00ednica del Valle; el barrio Astra y la torre que se encuentra en el ingreso reci\u00e9n pavimentado; el Predio Ferial; el merendero \u201cLa Hora Feliz\u201d de Bella Vista Norte; y la Capilla de Laprida fueron algunos de los puntos donde el jefe comunal y su equipo estuvieron presentes para conocer la situaci\u00f3n de los vecinos.<\/p>\n<p>\u201cEl temporal dej\u00f3 complicaciones en lo que tiene que ver con voladuras de techo de casas, mucha rotura de \u00e1rboles, pero sobre todo muchos postes ca\u00eddos que todav\u00eda no permiten que tengamos energ\u00eda en todos los puntos de la ciudad\u201d, afirm\u00f3 Luque.<\/p>\n<p>En este sentido, el jefe comunal afirm\u00f3 que el temporal continuar\u00e1 en las pr\u00f3ximas horas y recomend\u00f3 a los vecinos extremar cuidados. \u201cEl viento gener\u00f3 que se sigan cayendo postes de luz, ramas de \u00e1rboles o voladuras de techo. Hoy tambi\u00e9n va a soplar bastante fuerte. No imagin\u00e1bamos que lleg\u00e1ramos a tener r\u00e1fagas de 150 km\/h en forma constante. No recuerdo un temporal tan fuerte desde que yo era muy chico. No recuerdo haber vivido una jornada como la de ayer: fue un d\u00eda con mucho peligro y est\u00e1bamos con mucho temor, pero gracias a Dios no tuvimos que sufrir ninguna v\u00edctima fatal y no sufrir da\u00f1os f\u00edsicos a ninguna persona\u201d, asever\u00f3.<\/p>\n<p>Asimismo, el jefe comunal brind\u00f3 un panorama de las intervenciones en la ciudad. \u201cHay lugares como el boulevard de la calle Alsina donde hemos sacado 6 bateas con ramas de \u00e1rboles que han ca\u00eddo. En Astra se cay\u00f3 la hist\u00f3rica torre petrolera sobre el pavimento. Ese camino afortunadamente est\u00e1 cortado porque estamos terminando los trabajos de pavimentaci\u00f3n completa de la entrada del barrio y eso evit\u00f3 cualquier tipo de complicaci\u00f3n mayor\u201d, destac\u00f3 y manifest\u00f3 que \u201cse har\u00e1 todo lo posible para volver a poner la torre en su lugar porque es parte del patrimonio hist\u00f3rico de nuestra ciudad\u201d.<\/p>\n<p>En tanto, el intendente lament\u00f3 los da\u00f1os ocasionados en el Predio Ferial. \u201cSe cay\u00f3 todo el cerco perimetral y adentro tuvimos serios problemas con los techos y con algunos cables\u201d, describi\u00f3 y afirm\u00f3 que el Municipio se har\u00e1 cargo de los problemas que ocasionaron las fuerte r\u00e1fagas en el merendero \u201cLa Hora Feliz\u201d en Bella Vista Norte. \u201cEs un merendero que queremos mucho y el viento le ha volado gran parte del techo. Todos los s\u00e1bados se le da de comer a un mont\u00f3n de gente y la Municipalidad ayudar\u00e1 para que el lugar vuelva a quedar bien\u201d, asegur\u00f3.<\/p>\n<p>Adem\u00e1s, el intendente confirm\u00f3 que asistir\u00e1n a todas las familias que fueron afectadas por el temporal. \u201cTenemos un registro que cuatro familias quedaron sin nada y 160 casas perdieron sus techos. Por eso estamos trabajando para llegar con materiales a aquellas personas que lo necesiten. Desde la Municipalidad vamos a estar ayudando a que puedan estar reconstruyendo sus viviendas\u201d, afirm\u00f3 Luque.<\/p>\n<p><strong>Trabajos de recuperaci\u00f3n en servicios p\u00fablicos<\/strong><\/p>\n<p>Adem\u00e1s, Luque subray\u00f3 el trabajo del personal operativo de la Sociedad Cooperativa Popular Limitada (SCPL). \u201cEl personal de la SCPL trabaj\u00f3 a destajo. Tuvieron m\u00e1s de 400 intervenciones en distintos puntos de la ciudad y hay 550 intervenciones para llevar adelante. El trabajo que se deber\u00e1 llevar hoy y ma\u00f1ana ser\u00e1 arduo. Tuvimos cortes del acueducto de Manantiales que se pudo recomponer y hoy reci\u00e9n est\u00e1 empezando a bombear agua el acueducto de Sarmiento donde tambi\u00e9n se cort\u00f3 la energ\u00eda y eso hizo que se detenga el acueducto del bombeo principal hacia la ciudad\u201d, asegur\u00f3.<\/p>\n<p>En cuanto al servicio el\u00e9ctrico, el intendente manifest\u00f3 que \u201cse est\u00e1 trabajando para ir restableciendo la luz en todos los barrios. Todav\u00eda tenemos muchos sectores sin el servicio como el Centro, Kil\u00f3metro 3 y algunos de la zona sur. Esto se debe por la cantidad de postes que se han ca\u00eddo y eso genera dificultades para que se restablezca el servicio en su totalidad\u201d.<\/p>\n<p>&nbsp;<\/p>\n<p>Continuando en esta l\u00ednea, Luque repudi\u00f3 el robo de m\u00e1s de mil metros de cable de la Cooperativa de Kil\u00f3metro 4 que gener\u00f3 complicaciones para que los vecinos puedan volver a contar con el servicio el\u00e9ctrico. \u201cAhora estamos hablando con la SCPL para hacer un \u2018by pass\u2019, pero son cosas que hay que repudiar y denunciar porque le complican la vida a mucha gente en la ciudad\u201d, cuestion\u00f3.<\/p>\n<p>El intendente tambi\u00e9n confirm\u00f3 que se comunic\u00f3 con el gobernador Mariano Arcioni para conocer el estado de las escuelas de Comodoro Rivadavia. \u201cA la ma\u00f1ana me llam\u00f3 el gobernador y hace poco me mand\u00f3 un reporte de roturas de vidrios y algunos techos. Hay cuatro o cinco escuelas de Comodoro con problemas, pero b\u00e1sicamente la decisi\u00f3n de la suspensi\u00f3n de clases ten\u00eda que ver con bajar la circulaci\u00f3n en la ciudad\u201d, destac\u00f3.<\/p>\n","protected":false},"excerpt":{"rendered":"<p>El intendente recomend\u00f3 a la poblaci\u00f3n extremar los cuidados porque se espera que la alerta amarilla contin\u00fae hasta el martes. El jefe comunal tambi\u00e9n detall\u00f3 que hubo 550 intervenciones entre casas particulares, postes y \u00e1rboles ca\u00eddos, entre otras complicaciones. Desde el primer momento del fuerte temporal de viento que azota a Comodoro Rivadavia, la gesti\u00f3n [&hellip;]<\/p>\n","protected":false},"author":1,"featured_media":51,"comment_status":"closed","ping_status":"closed","sticky":false,"template":"","format":"standard","meta":{"footnotes":""},"categories":[1],"tags":[],"class_list":["post-50","post","type-post","status-publish","format-standard","has-post-thumbnail","hentry","category-sin-categoria"],"_links":{"self":[{"href":"http:\/\/fmdelpueblo.ar\/index.php?rest_route=\/wp\/v2\/posts\/50","targetHints":{"allow":["GET"]}}],"collection":[{"href":"http:\/\/fmdelpueblo.ar\/index.php?rest_route=\/wp\/v2\/posts"}],"about":[{"href":"http:\/\/fmdelpueblo.ar\/index.php?rest_route=\/wp\/v2\/types\/post"}],"author":[{"embeddable":true,"href":"http:\/\/fmdelpueblo.ar\/index.php?rest_route=\/wp\/v2\/users\/1"}],"replies":[{"embeddable":true,"href":"http:\/\/fmdelpueblo.ar\/index.php?rest_route=%2Fwp%2Fv2%2Fcomments&post=50"}],"version-history":[{"count":1,"href":"http:\/\/fmdelpueblo.ar\/index.php?rest_route=\/wp\/v2\/posts\/50\/revisions"}],"predecessor-version":[{"id":52,"href":"http:\/\/fmdelpueblo.ar\/index.php?rest_route=\/wp\/v2\/posts\/50\/revisions\/52"}],"wp:featuredmedia":[{"embeddable":true,"href":"http:\/\/fmdelpueblo.ar\/index.php?rest_route=\/wp\/v2\/media\/51"}],"wp:attachment":[{"href":"http:\/\/fmdelpueblo.ar\/index.php?rest_route=%2Fwp%2Fv2%2Fmedia&parent=50"}],"wp:term":[{"taxonomy":"category","embeddable":true,"href":"http:\/\/fmdelpueblo.ar\/index.php?rest_route=%2Fwp%2Fv2%2Fcategories&post=50"},{"taxonomy":"post_tag","embeddable":true,"href":"http:\/\/fmdelpueblo.ar\/index.php?rest_route=%2Fwp%2Fv2%2Ftags&post=50"}],"curies":[{"name":"wp","href":"https:\/\/api.w.org\/{rel}","templated":true}]}}