{"id":499,"date":"2021-10-30T15:15:58","date_gmt":"2021-10-30T15:15:58","guid":{"rendered":"https:\/\/fmdelpueblo.ar\/?p=499"},"modified":"2021-10-30T15:15:58","modified_gmt":"2021-10-30T15:15:58","slug":"elisa-carrio-se-descompenso-en-mar-del-plata-y-quedo-internada-en-observacion","status":"publish","type":"post","link":"http:\/\/fmdelpueblo.ar\/?p=499","title":{"rendered":"Elisa Carri\u00f3 se descompens\u00f3 en Mar del Plata y qued\u00f3 internada en observaci\u00f3n"},"content":{"rendered":"<\/p>\n<p>La ex diputada se encuentra en el sanatorio Belgrano, donde le realizan diversos estudios. Sus colaboradores se\u00f1alaron que &#8216;Lilita&#8217; continuar\u00e1 con su agenda de actividades pol\u00edtica. <a href=\"https:\/\/www.perfil.com\/noticias\/actualidad\/elisa-carrio-se-descompenso-y-debio-ser-internada-de-urgencia.phtml\">Leer m\u00e1s<\/a><\/p>\n","protected":false},"excerpt":{"rendered":"<p>La ex diputada se encuentra en el sanatorio Belgrano, donde le realizan diversos estudios. Sus colaboradores se\u00f1alaron que &#8216;Lilita&#8217; continuar\u00e1 con su agenda de actividades pol\u00edtica. Leer m\u00e1s<\/p>\n","protected":false},"author":0,"featured_media":0,"comment_status":"","ping_status":"","sticky":false,"template":"","format":"standard","meta":{"footnotes":""},"categories":[1],"tags":[],"class_list":["post-499","post","type-post","status-publish","format-standard","hentry","category-sin-categoria"],"_links":{"self":[{"href":"http:\/\/fmdelpueblo.ar\/index.php?rest_route=\/wp\/v2\/posts\/499","targetHints":{"allow":["GET"]}}],"collection":[{"href":"http:\/\/fmdelpueblo.ar\/index.php?rest_route=\/wp\/v2\/posts"}],"about":[{"href":"http:\/\/fmdelpueblo.ar\/index.php?rest_route=\/wp\/v2\/types\/post"}],"replies":[{"embeddable":true,"href":"http:\/\/fmdelpueblo.ar\/index.php?rest_route=%2Fwp%2Fv2%2Fcomments&post=499"}],"version-history":[{"count":0,"href":"http:\/\/fmdelpueblo.ar\/index.php?rest_route=\/wp\/v2\/posts\/499\/revisions"}],"wp:attachment":[{"href":"http:\/\/fmdelpueblo.ar\/index.php?rest_route=%2Fwp%2Fv2%2Fmedia&parent=499"}],"wp:term":[{"taxonomy":"category","embeddable":true,"href":"http:\/\/fmdelpueblo.ar\/index.php?rest_route=%2Fwp%2Fv2%2Fcategories&post=499"},{"taxonomy":"post_tag","embeddable":true,"href":"http:\/\/fmdelpueblo.ar\/index.php?rest_route=%2Fwp%2Fv2%2Ftags&post=499"}],"curies":[{"name":"wp","href":"https:\/\/api.w.org\/{rel}","templated":true}]}}