{"id":498,"date":"2021-10-30T15:15:58","date_gmt":"2021-10-30T15:15:58","guid":{"rendered":"https:\/\/fmdelpueblo.ar\/?p=498"},"modified":"2021-10-30T15:15:58","modified_gmt":"2021-10-30T15:15:58","slug":"nelson-castro-visito-a-francisco-y-presento-la-version-en-italiano-de-su-libro-la-salud-de-los-papas","status":"publish","type":"post","link":"http:\/\/fmdelpueblo.ar\/?p=498","title":{"rendered":"Nelson Castro visit\u00f3 a Francisco y present\u00f3 la versi\u00f3n en italiano de su libro \u00abLa Salud de los Papas\u00bb"},"content":{"rendered":"<\/p>\n<p>El periodista habl\u00f3 de su obra en el Colegio Agustiniano. Los detalles que cont\u00f3 de su nuevo encuentro con el Papa, esta vez de manera oficial y durante 40 minutos, en el Vaticano. <a href=\"https:\/\/www.perfil.com\/noticias\/actualidad\/nelson-castro-visito-a-francisco-y-presento-la-version-en-italiano-de-su-libro-la-salud-de-los-papas.phtml\">Leer m\u00e1s<\/a><\/p>\n","protected":false},"excerpt":{"rendered":"<p>El periodista habl\u00f3 de su obra en el Colegio Agustiniano. Los detalles que cont\u00f3 de su nuevo encuentro con el Papa, esta vez de manera oficial y durante 40 minutos, en el Vaticano. Leer m\u00e1s<\/p>\n","protected":false},"author":0,"featured_media":0,"comment_status":"","ping_status":"","sticky":false,"template":"","format":"standard","meta":{"footnotes":""},"categories":[1],"tags":[],"class_list":["post-498","post","type-post","status-publish","format-standard","hentry","category-sin-categoria"],"_links":{"self":[{"href":"http:\/\/fmdelpueblo.ar\/index.php?rest_route=\/wp\/v2\/posts\/498","targetHints":{"allow":["GET"]}}],"collection":[{"href":"http:\/\/fmdelpueblo.ar\/index.php?rest_route=\/wp\/v2\/posts"}],"about":[{"href":"http:\/\/fmdelpueblo.ar\/index.php?rest_route=\/wp\/v2\/types\/post"}],"replies":[{"embeddable":true,"href":"http:\/\/fmdelpueblo.ar\/index.php?rest_route=%2Fwp%2Fv2%2Fcomments&post=498"}],"version-history":[{"count":0,"href":"http:\/\/fmdelpueblo.ar\/index.php?rest_route=\/wp\/v2\/posts\/498\/revisions"}],"wp:attachment":[{"href":"http:\/\/fmdelpueblo.ar\/index.php?rest_route=%2Fwp%2Fv2%2Fmedia&parent=498"}],"wp:term":[{"taxonomy":"category","embeddable":true,"href":"http:\/\/fmdelpueblo.ar\/index.php?rest_route=%2Fwp%2Fv2%2Fcategories&post=498"},{"taxonomy":"post_tag","embeddable":true,"href":"http:\/\/fmdelpueblo.ar\/index.php?rest_route=%2Fwp%2Fv2%2Ftags&post=498"}],"curies":[{"name":"wp","href":"https:\/\/api.w.org\/{rel}","templated":true}]}}