{"id":497,"date":"2021-10-30T13:23:14","date_gmt":"2021-10-30T13:23:14","guid":{"rendered":"https:\/\/fmdelpueblo.ar\/?p=497"},"modified":"2021-10-30T13:23:14","modified_gmt":"2021-10-30T13:23:14","slug":"en-la-foto-de-familia-alberto-fernandez-quedo-en-la-primera-fila-al-lado-de-jair-bolsonaro","status":"publish","type":"post","link":"http:\/\/fmdelpueblo.ar\/?p=497","title":{"rendered":"En la \u00abFoto de Familia\u00bb Alberto Fern\u00e1ndez qued\u00f3 en la primera fila, al lado de Jair Bolsonaro"},"content":{"rendered":"<\/p>\n<p>Los Mandatarios posaron este s\u00e1bado para la habitual imagen de protocolo. Esta vez, a tono con la pandemia, tambi\u00e9n posaron en otra imagen junto a profesionales de la salud que lucharon con el Covid-19. <a href=\"https:\/\/www.perfil.com\/noticias\/actualidad\/en-la-foto-de-familia-alberto-fernandez-quedo-en-la-primera-fila-al-lado-de-jair-bolsonaro.phtml\">Leer m\u00e1s<\/a><\/p>\n","protected":false},"excerpt":{"rendered":"<p>Los Mandatarios posaron este s\u00e1bado para la habitual imagen de protocolo. Esta vez, a tono con la pandemia, tambi\u00e9n posaron en otra imagen junto a profesionales de la salud que lucharon con el Covid-19. Leer m\u00e1s<\/p>\n","protected":false},"author":0,"featured_media":0,"comment_status":"","ping_status":"","sticky":false,"template":"","format":"standard","meta":{"footnotes":""},"categories":[1],"tags":[],"class_list":["post-497","post","type-post","status-publish","format-standard","hentry","category-sin-categoria"],"_links":{"self":[{"href":"http:\/\/fmdelpueblo.ar\/index.php?rest_route=\/wp\/v2\/posts\/497","targetHints":{"allow":["GET"]}}],"collection":[{"href":"http:\/\/fmdelpueblo.ar\/index.php?rest_route=\/wp\/v2\/posts"}],"about":[{"href":"http:\/\/fmdelpueblo.ar\/index.php?rest_route=\/wp\/v2\/types\/post"}],"replies":[{"embeddable":true,"href":"http:\/\/fmdelpueblo.ar\/index.php?rest_route=%2Fwp%2Fv2%2Fcomments&post=497"}],"version-history":[{"count":0,"href":"http:\/\/fmdelpueblo.ar\/index.php?rest_route=\/wp\/v2\/posts\/497\/revisions"}],"wp:attachment":[{"href":"http:\/\/fmdelpueblo.ar\/index.php?rest_route=%2Fwp%2Fv2%2Fmedia&parent=497"}],"wp:term":[{"taxonomy":"category","embeddable":true,"href":"http:\/\/fmdelpueblo.ar\/index.php?rest_route=%2Fwp%2Fv2%2Fcategories&post=497"},{"taxonomy":"post_tag","embeddable":true,"href":"http:\/\/fmdelpueblo.ar\/index.php?rest_route=%2Fwp%2Fv2%2Ftags&post=497"}],"curies":[{"name":"wp","href":"https:\/\/api.w.org\/{rel}","templated":true}]}}