{"id":496,"date":"2021-10-30T12:22:36","date_gmt":"2021-10-30T12:22:36","guid":{"rendered":"https:\/\/fmdelpueblo.ar\/?p=496"},"modified":"2021-10-30T12:22:36","modified_gmt":"2021-10-30T12:22:36","slug":"en-la-apertura-del-g-20-alberto-fernandez-hablo-de-desigualdad-y-dijo-que-esta-mal-la-deuda-con-el-fmi","status":"publish","type":"post","link":"http:\/\/fmdelpueblo.ar\/?p=496","title":{"rendered":"En la apertura del G-20, Alberto Fern\u00e1ndez habl\u00f3 de desigualdad y dijo que \u00abest\u00e1 mal\u00bb la deuda con el FMI"},"content":{"rendered":"<\/p>\n<p>El Presidente habl\u00f3 durante tres minutos. Responsabiliz\u00f3 al organismo internacional por los fondos otorgados durante el gobierno de Mauricio Macri. <a href=\"https:\/\/www.perfil.com\/noticias\/actualidad\/en-su-primera-intervencion-en-el-g-20-alberto-fernandez-hablo-de-desigualdad-y-dijo-que-esta-mal-la-deuda-con-el-fmi.phtml\">Leer m\u00e1s<\/a><\/p>\n","protected":false},"excerpt":{"rendered":"<p>El Presidente habl\u00f3 durante tres minutos. Responsabiliz\u00f3 al organismo internacional por los fondos otorgados durante el gobierno de Mauricio Macri. Leer m\u00e1s<\/p>\n","protected":false},"author":0,"featured_media":0,"comment_status":"","ping_status":"","sticky":false,"template":"","format":"standard","meta":{"footnotes":""},"categories":[1],"tags":[],"class_list":["post-496","post","type-post","status-publish","format-standard","hentry","category-sin-categoria"],"_links":{"self":[{"href":"http:\/\/fmdelpueblo.ar\/index.php?rest_route=\/wp\/v2\/posts\/496","targetHints":{"allow":["GET"]}}],"collection":[{"href":"http:\/\/fmdelpueblo.ar\/index.php?rest_route=\/wp\/v2\/posts"}],"about":[{"href":"http:\/\/fmdelpueblo.ar\/index.php?rest_route=\/wp\/v2\/types\/post"}],"replies":[{"embeddable":true,"href":"http:\/\/fmdelpueblo.ar\/index.php?rest_route=%2Fwp%2Fv2%2Fcomments&post=496"}],"version-history":[{"count":0,"href":"http:\/\/fmdelpueblo.ar\/index.php?rest_route=\/wp\/v2\/posts\/496\/revisions"}],"wp:attachment":[{"href":"http:\/\/fmdelpueblo.ar\/index.php?rest_route=%2Fwp%2Fv2%2Fmedia&parent=496"}],"wp:term":[{"taxonomy":"category","embeddable":true,"href":"http:\/\/fmdelpueblo.ar\/index.php?rest_route=%2Fwp%2Fv2%2Fcategories&post=496"},{"taxonomy":"post_tag","embeddable":true,"href":"http:\/\/fmdelpueblo.ar\/index.php?rest_route=%2Fwp%2Fv2%2Ftags&post=496"}],"curies":[{"name":"wp","href":"https:\/\/api.w.org\/{rel}","templated":true}]}}