{"id":490,"date":"2021-10-30T10:20:35","date_gmt":"2021-10-30T10:20:35","guid":{"rendered":"https:\/\/fmdelpueblo.ar\/?p=490"},"modified":"2021-10-30T10:20:35","modified_gmt":"2021-10-30T10:20:35","slug":"dudan-si-habra-salto-del-dolar-o-devaluacion-gradual","status":"publish","type":"post","link":"http:\/\/fmdelpueblo.ar\/?p=490","title":{"rendered":"Dudan si habr\u00e1 salto del d\u00f3lar o devaluaci\u00f3n gradual"},"content":{"rendered":"<\/p>\n<p>Aunque el Gobierno dice que no habr\u00e1 una correci\u00f3n cambiaria, el mercado descuenta una aceleraci\u00f3n del tipo de cambio tras las elecciones. El antecedente de Axel Kicillof en 2014. <a href=\"https:\/\/www.perfil.com\/noticias\/economia\/dudan-si-habra-salto-del-dolar-o-devaluacion-gradual.phtml\">Leer m\u00e1s<\/a><\/p>\n","protected":false},"excerpt":{"rendered":"<p>Aunque el Gobierno dice que no habr\u00e1 una correci\u00f3n cambiaria, el mercado descuenta una aceleraci\u00f3n del tipo de cambio tras las elecciones. El antecedente de Axel Kicillof en 2014. Leer m\u00e1s<\/p>\n","protected":false},"author":0,"featured_media":0,"comment_status":"","ping_status":"","sticky":false,"template":"","format":"standard","meta":{"footnotes":""},"categories":[1],"tags":[],"class_list":["post-490","post","type-post","status-publish","format-standard","hentry","category-sin-categoria"],"_links":{"self":[{"href":"http:\/\/fmdelpueblo.ar\/index.php?rest_route=\/wp\/v2\/posts\/490","targetHints":{"allow":["GET"]}}],"collection":[{"href":"http:\/\/fmdelpueblo.ar\/index.php?rest_route=\/wp\/v2\/posts"}],"about":[{"href":"http:\/\/fmdelpueblo.ar\/index.php?rest_route=\/wp\/v2\/types\/post"}],"replies":[{"embeddable":true,"href":"http:\/\/fmdelpueblo.ar\/index.php?rest_route=%2Fwp%2Fv2%2Fcomments&post=490"}],"version-history":[{"count":0,"href":"http:\/\/fmdelpueblo.ar\/index.php?rest_route=\/wp\/v2\/posts\/490\/revisions"}],"wp:attachment":[{"href":"http:\/\/fmdelpueblo.ar\/index.php?rest_route=%2Fwp%2Fv2%2Fmedia&parent=490"}],"wp:term":[{"taxonomy":"category","embeddable":true,"href":"http:\/\/fmdelpueblo.ar\/index.php?rest_route=%2Fwp%2Fv2%2Fcategories&post=490"},{"taxonomy":"post_tag","embeddable":true,"href":"http:\/\/fmdelpueblo.ar\/index.php?rest_route=%2Fwp%2Fv2%2Ftags&post=490"}],"curies":[{"name":"wp","href":"https:\/\/api.w.org\/{rel}","templated":true}]}}