{"id":488,"date":"2021-10-30T10:20:35","date_gmt":"2021-10-30T10:20:35","guid":{"rendered":"https:\/\/fmdelpueblo.ar\/?p=488"},"modified":"2021-10-30T10:20:35","modified_gmt":"2021-10-30T10:20:35","slug":"con-la-incertidumbre-inflacionaria-los-gremios-empiezan-a-adelantar-revisiones","status":"publish","type":"post","link":"http:\/\/fmdelpueblo.ar\/?p=488","title":{"rendered":"Con la incertidumbre inflacionaria, los gremios empiezan a adelantar revisiones"},"content":{"rendered":"<\/p>\n<p>Hay sindicatos cuyas paritarias est\u00e1n unos puntos debajo de la inflaci\u00f3n y ya analizan anticipar el momento de reapertura. Otros negocian un bono de fin de a\u00f1o para compensar. <a href=\"https:\/\/www.perfil.com\/noticias\/politica\/con-la-incertidumbre-inflacionaria-los-gremios-empiezan-a-adelantar-revisiones.phtml\">Leer m\u00e1s<\/a><\/p>\n","protected":false},"excerpt":{"rendered":"<p>Hay sindicatos cuyas paritarias est\u00e1n unos puntos debajo de la inflaci\u00f3n y ya analizan anticipar el momento de reapertura. Otros negocian un bono de fin de a\u00f1o para compensar. Leer m\u00e1s<\/p>\n","protected":false},"author":0,"featured_media":0,"comment_status":"","ping_status":"","sticky":false,"template":"","format":"standard","meta":{"footnotes":""},"categories":[1],"tags":[],"class_list":["post-488","post","type-post","status-publish","format-standard","hentry","category-sin-categoria"],"_links":{"self":[{"href":"http:\/\/fmdelpueblo.ar\/index.php?rest_route=\/wp\/v2\/posts\/488","targetHints":{"allow":["GET"]}}],"collection":[{"href":"http:\/\/fmdelpueblo.ar\/index.php?rest_route=\/wp\/v2\/posts"}],"about":[{"href":"http:\/\/fmdelpueblo.ar\/index.php?rest_route=\/wp\/v2\/types\/post"}],"replies":[{"embeddable":true,"href":"http:\/\/fmdelpueblo.ar\/index.php?rest_route=%2Fwp%2Fv2%2Fcomments&post=488"}],"version-history":[{"count":0,"href":"http:\/\/fmdelpueblo.ar\/index.php?rest_route=\/wp\/v2\/posts\/488\/revisions"}],"wp:attachment":[{"href":"http:\/\/fmdelpueblo.ar\/index.php?rest_route=%2Fwp%2Fv2%2Fmedia&parent=488"}],"wp:term":[{"taxonomy":"category","embeddable":true,"href":"http:\/\/fmdelpueblo.ar\/index.php?rest_route=%2Fwp%2Fv2%2Fcategories&post=488"},{"taxonomy":"post_tag","embeddable":true,"href":"http:\/\/fmdelpueblo.ar\/index.php?rest_route=%2Fwp%2Fv2%2Ftags&post=488"}],"curies":[{"name":"wp","href":"https:\/\/api.w.org\/{rel}","templated":true}]}}