{"id":487,"date":"2021-10-30T10:20:35","date_gmt":"2021-10-30T10:20:35","guid":{"rendered":"https:\/\/fmdelpueblo.ar\/?p=487"},"modified":"2021-10-30T10:20:35","modified_gmt":"2021-10-30T10:20:35","slug":"desarrollo-evita-romper-con-piqueteros-mas-duros","status":"publish","type":"post","link":"http:\/\/fmdelpueblo.ar\/?p=487","title":{"rendered":"Desarrollo evita romper con piqueteros m\u00e1s duros"},"content":{"rendered":"<\/p>\n<p>El ministerio que encabeza Zabaleta conden\u00f3 los incidentes del jueves pero sin cortar el di\u00e1logo antes de los comicios. Las organizaciones insisten con el reclamo de mejorar la ayuda alimentaria y de generaci\u00f3n de empleo. <a href=\"https:\/\/www.perfil.com\/noticias\/politica\/desarrollo-evita-romper-con-piqueteros-mas-duros.phtml\">Leer m\u00e1s<\/a><\/p>\n","protected":false},"excerpt":{"rendered":"<p>El ministerio que encabeza Zabaleta conden\u00f3 los incidentes del jueves pero sin cortar el di\u00e1logo antes de los comicios. Las organizaciones insisten con el reclamo de mejorar la ayuda alimentaria y de generaci\u00f3n de empleo. Leer m\u00e1s<\/p>\n","protected":false},"author":0,"featured_media":0,"comment_status":"","ping_status":"","sticky":false,"template":"","format":"standard","meta":{"footnotes":""},"categories":[1],"tags":[],"class_list":["post-487","post","type-post","status-publish","format-standard","hentry","category-sin-categoria"],"_links":{"self":[{"href":"http:\/\/fmdelpueblo.ar\/index.php?rest_route=\/wp\/v2\/posts\/487","targetHints":{"allow":["GET"]}}],"collection":[{"href":"http:\/\/fmdelpueblo.ar\/index.php?rest_route=\/wp\/v2\/posts"}],"about":[{"href":"http:\/\/fmdelpueblo.ar\/index.php?rest_route=\/wp\/v2\/types\/post"}],"replies":[{"embeddable":true,"href":"http:\/\/fmdelpueblo.ar\/index.php?rest_route=%2Fwp%2Fv2%2Fcomments&post=487"}],"version-history":[{"count":0,"href":"http:\/\/fmdelpueblo.ar\/index.php?rest_route=\/wp\/v2\/posts\/487\/revisions"}],"wp:attachment":[{"href":"http:\/\/fmdelpueblo.ar\/index.php?rest_route=%2Fwp%2Fv2%2Fmedia&parent=487"}],"wp:term":[{"taxonomy":"category","embeddable":true,"href":"http:\/\/fmdelpueblo.ar\/index.php?rest_route=%2Fwp%2Fv2%2Fcategories&post=487"},{"taxonomy":"post_tag","embeddable":true,"href":"http:\/\/fmdelpueblo.ar\/index.php?rest_route=%2Fwp%2Fv2%2Ftags&post=487"}],"curies":[{"name":"wp","href":"https:\/\/api.w.org\/{rel}","templated":true}]}}