{"id":486,"date":"2021-10-30T10:20:35","date_gmt":"2021-10-30T10:20:35","guid":{"rendered":"https:\/\/fmdelpueblo.ar\/?p=486"},"modified":"2021-10-30T10:20:35","modified_gmt":"2021-10-30T10:20:35","slug":"guzman-ceno-con-georgieva-con-la-renegociacion-de-la-deuda-en-el-menu","status":"publish","type":"post","link":"http:\/\/fmdelpueblo.ar\/?p=486","title":{"rendered":"Guzm\u00e1n cen\u00f3 con Georgieva con la renegociaci\u00f3n de la deuda en el men\u00fa"},"content":{"rendered":"<\/p>\n<p>El ministro de Econom\u00eda comparti\u00f3 mesa con la titular del FMI, la reina M\u00e1xima y la titular de la OMC. Pidi\u00f3 redistribuir los DEG y bajar las tasas del organismo internacional. <a href=\"https:\/\/www.perfil.com\/noticias\/economia\/guzman-ceno-con-georgieva-con-la-renegociacion-de-la-deuda-en-el-menu.phtml\">Leer m\u00e1s<\/a><\/p>\n","protected":false},"excerpt":{"rendered":"<p>El ministro de Econom\u00eda comparti\u00f3 mesa con la titular del FMI, la reina M\u00e1xima y la titular de la OMC. Pidi\u00f3 redistribuir los DEG y bajar las tasas del organismo internacional. Leer m\u00e1s<\/p>\n","protected":false},"author":0,"featured_media":0,"comment_status":"","ping_status":"","sticky":false,"template":"","format":"standard","meta":{"footnotes":""},"categories":[1],"tags":[],"class_list":["post-486","post","type-post","status-publish","format-standard","hentry","category-sin-categoria"],"_links":{"self":[{"href":"http:\/\/fmdelpueblo.ar\/index.php?rest_route=\/wp\/v2\/posts\/486","targetHints":{"allow":["GET"]}}],"collection":[{"href":"http:\/\/fmdelpueblo.ar\/index.php?rest_route=\/wp\/v2\/posts"}],"about":[{"href":"http:\/\/fmdelpueblo.ar\/index.php?rest_route=\/wp\/v2\/types\/post"}],"replies":[{"embeddable":true,"href":"http:\/\/fmdelpueblo.ar\/index.php?rest_route=%2Fwp%2Fv2%2Fcomments&post=486"}],"version-history":[{"count":0,"href":"http:\/\/fmdelpueblo.ar\/index.php?rest_route=\/wp\/v2\/posts\/486\/revisions"}],"wp:attachment":[{"href":"http:\/\/fmdelpueblo.ar\/index.php?rest_route=%2Fwp%2Fv2%2Fmedia&parent=486"}],"wp:term":[{"taxonomy":"category","embeddable":true,"href":"http:\/\/fmdelpueblo.ar\/index.php?rest_route=%2Fwp%2Fv2%2Fcategories&post=486"},{"taxonomy":"post_tag","embeddable":true,"href":"http:\/\/fmdelpueblo.ar\/index.php?rest_route=%2Fwp%2Fv2%2Ftags&post=486"}],"curies":[{"name":"wp","href":"https:\/\/api.w.org\/{rel}","templated":true}]}}