{"id":484,"date":"2021-10-30T10:20:35","date_gmt":"2021-10-30T10:20:35","guid":{"rendered":"https:\/\/fmdelpueblo.ar\/?p=484"},"modified":"2021-10-30T10:20:35","modified_gmt":"2021-10-30T10:20:35","slug":"macri-procesarme-no-va-a-cambiar-el-resultado-electoral","status":"publish","type":"post","link":"http:\/\/fmdelpueblo.ar\/?p=484","title":{"rendered":"Macri: \u00abProcesarme no va a cambiar el resultado electoral\u00bb"},"content":{"rendered":"<\/p>\n<p>El ex presidente ensay\u00f3 su defensa ante la citaci\u00f3n de la Justicia por el ARA San Juan. Adem\u00e1s estuvo con el candidato Luis Juez. <a href=\"https:\/\/www.perfil.com\/noticias\/politica\/macri-procesarme-no-va-a-cambiar-el-resultado-electoral.phtml\">Leer m\u00e1s<\/a><\/p>\n","protected":false},"excerpt":{"rendered":"<p>El ex presidente ensay\u00f3 su defensa ante la citaci\u00f3n de la Justicia por el ARA San Juan. Adem\u00e1s estuvo con el candidato Luis Juez. Leer m\u00e1s<\/p>\n","protected":false},"author":0,"featured_media":0,"comment_status":"","ping_status":"","sticky":false,"template":"","format":"standard","meta":{"footnotes":""},"categories":[1],"tags":[],"class_list":["post-484","post","type-post","status-publish","format-standard","hentry","category-sin-categoria"],"_links":{"self":[{"href":"http:\/\/fmdelpueblo.ar\/index.php?rest_route=\/wp\/v2\/posts\/484","targetHints":{"allow":["GET"]}}],"collection":[{"href":"http:\/\/fmdelpueblo.ar\/index.php?rest_route=\/wp\/v2\/posts"}],"about":[{"href":"http:\/\/fmdelpueblo.ar\/index.php?rest_route=\/wp\/v2\/types\/post"}],"replies":[{"embeddable":true,"href":"http:\/\/fmdelpueblo.ar\/index.php?rest_route=%2Fwp%2Fv2%2Fcomments&post=484"}],"version-history":[{"count":0,"href":"http:\/\/fmdelpueblo.ar\/index.php?rest_route=\/wp\/v2\/posts\/484\/revisions"}],"wp:attachment":[{"href":"http:\/\/fmdelpueblo.ar\/index.php?rest_route=%2Fwp%2Fv2%2Fmedia&parent=484"}],"wp:term":[{"taxonomy":"category","embeddable":true,"href":"http:\/\/fmdelpueblo.ar\/index.php?rest_route=%2Fwp%2Fv2%2Fcategories&post=484"},{"taxonomy":"post_tag","embeddable":true,"href":"http:\/\/fmdelpueblo.ar\/index.php?rest_route=%2Fwp%2Fv2%2Ftags&post=484"}],"curies":[{"name":"wp","href":"https:\/\/api.w.org\/{rel}","templated":true}]}}