{"id":482,"date":"2021-10-30T06:40:37","date_gmt":"2021-10-30T06:40:37","guid":{"rendered":"http:\/\/fmdelpueblo.ar\/?p=482"},"modified":"2021-10-30T06:40:37","modified_gmt":"2021-10-30T06:40:37","slug":"un-universo-que-siempre-se-proyecta","status":"publish","type":"post","link":"http:\/\/fmdelpueblo.ar\/?p=482","title":{"rendered":"Un universo que siempre se proyecta"},"content":{"rendered":"<\/p>\n<p>Directora y actriz relatan c\u00f3mo crearon este nuevo unipersonal donde la m\u00fasica es otro personaje m\u00e1s. Su visi\u00f3n de la actualidad del medio. <a href=\"https:\/\/www.perfil.com\/noticias\/espectaculos\/un-universo-que-siempre-se-proyecta.phtml\">Leer m\u00e1s<\/a><\/p>\n","protected":false},"excerpt":{"rendered":"<p>Directora y actriz relatan c\u00f3mo crearon este nuevo unipersonal donde la m\u00fasica es otro personaje m\u00e1s. Su visi\u00f3n de la actualidad del medio. Leer m\u00e1s<\/p>\n","protected":false},"author":0,"featured_media":0,"comment_status":"","ping_status":"","sticky":false,"template":"","format":"standard","meta":{"footnotes":""},"categories":[1],"tags":[],"class_list":["post-482","post","type-post","status-publish","format-standard","hentry","category-sin-categoria"],"_links":{"self":[{"href":"http:\/\/fmdelpueblo.ar\/index.php?rest_route=\/wp\/v2\/posts\/482","targetHints":{"allow":["GET"]}}],"collection":[{"href":"http:\/\/fmdelpueblo.ar\/index.php?rest_route=\/wp\/v2\/posts"}],"about":[{"href":"http:\/\/fmdelpueblo.ar\/index.php?rest_route=\/wp\/v2\/types\/post"}],"replies":[{"embeddable":true,"href":"http:\/\/fmdelpueblo.ar\/index.php?rest_route=%2Fwp%2Fv2%2Fcomments&post=482"}],"version-history":[{"count":0,"href":"http:\/\/fmdelpueblo.ar\/index.php?rest_route=\/wp\/v2\/posts\/482\/revisions"}],"wp:attachment":[{"href":"http:\/\/fmdelpueblo.ar\/index.php?rest_route=%2Fwp%2Fv2%2Fmedia&parent=482"}],"wp:term":[{"taxonomy":"category","embeddable":true,"href":"http:\/\/fmdelpueblo.ar\/index.php?rest_route=%2Fwp%2Fv2%2Fcategories&post=482"},{"taxonomy":"post_tag","embeddable":true,"href":"http:\/\/fmdelpueblo.ar\/index.php?rest_route=%2Fwp%2Fv2%2Ftags&post=482"}],"curies":[{"name":"wp","href":"https:\/\/api.w.org\/{rel}","templated":true}]}}