{"id":481,"date":"2021-10-30T06:40:37","date_gmt":"2021-10-30T06:40:37","guid":{"rendered":"http:\/\/fmdelpueblo.ar\/?p=481"},"modified":"2021-10-30T06:40:37","modified_gmt":"2021-10-30T06:40:37","slug":"cualquier-cosa-que-difunda-cine-me-gusta","status":"publish","type":"post","link":"http:\/\/fmdelpueblo.ar\/?p=481","title":{"rendered":"\u201cCualquier cosa que difunda cine, me gusta\u201d"},"content":{"rendered":"<\/p>\n<p>El investigador, divulgador y conductor celebra el relanzamiento de Filmoteca, programa de televisi\u00f3n dedicado al cine, por la TV P\u00fablica. Analiza el rol de la cr\u00edtica y de los cineclubs, y lamenta la inexistencia de un archivo nacional de pel\u00edculas y cortos. Es parte del festival LGBTIQ+ Asterisco. <a href=\"https:\/\/www.perfil.com\/noticias\/espectaculos\/cualquier-cosa-que-difunda-cine-me-gusta.phtml\">Leer m\u00e1s<\/a><\/p>\n","protected":false},"excerpt":{"rendered":"<p>El investigador, divulgador y conductor celebra el relanzamiento de Filmoteca, programa de televisi\u00f3n dedicado al cine, por la TV P\u00fablica. Analiza el rol de la cr\u00edtica y de los cineclubs, y lamenta la inexistencia de un archivo nacional de pel\u00edculas y cortos. Es parte del festival LGBTIQ+ Asterisco. Leer m\u00e1s<\/p>\n","protected":false},"author":0,"featured_media":0,"comment_status":"","ping_status":"","sticky":false,"template":"","format":"standard","meta":{"footnotes":""},"categories":[1],"tags":[],"class_list":["post-481","post","type-post","status-publish","format-standard","hentry","category-sin-categoria"],"_links":{"self":[{"href":"http:\/\/fmdelpueblo.ar\/index.php?rest_route=\/wp\/v2\/posts\/481","targetHints":{"allow":["GET"]}}],"collection":[{"href":"http:\/\/fmdelpueblo.ar\/index.php?rest_route=\/wp\/v2\/posts"}],"about":[{"href":"http:\/\/fmdelpueblo.ar\/index.php?rest_route=\/wp\/v2\/types\/post"}],"replies":[{"embeddable":true,"href":"http:\/\/fmdelpueblo.ar\/index.php?rest_route=%2Fwp%2Fv2%2Fcomments&post=481"}],"version-history":[{"count":0,"href":"http:\/\/fmdelpueblo.ar\/index.php?rest_route=\/wp\/v2\/posts\/481\/revisions"}],"wp:attachment":[{"href":"http:\/\/fmdelpueblo.ar\/index.php?rest_route=%2Fwp%2Fv2%2Fmedia&parent=481"}],"wp:term":[{"taxonomy":"category","embeddable":true,"href":"http:\/\/fmdelpueblo.ar\/index.php?rest_route=%2Fwp%2Fv2%2Fcategories&post=481"},{"taxonomy":"post_tag","embeddable":true,"href":"http:\/\/fmdelpueblo.ar\/index.php?rest_route=%2Fwp%2Fv2%2Ftags&post=481"}],"curies":[{"name":"wp","href":"https:\/\/api.w.org\/{rel}","templated":true}]}}