{"id":475,"date":"2021-10-30T06:40:37","date_gmt":"2021-10-30T06:40:37","guid":{"rendered":"http:\/\/fmdelpueblo.ar\/?p=475"},"modified":"2021-10-30T06:40:37","modified_gmt":"2021-10-30T06:40:37","slug":"por-siempre-maradona","status":"publish","type":"post","link":"http:\/\/fmdelpueblo.ar\/?p=475","title":{"rendered":"Por siempre Maradona"},"content":{"rendered":"<\/p>\n<p>Este s\u00e1bado es el primer 30 de octubre sin el 10. todo el f\u00fatbol argentino le rendir\u00e1 homenajes en el d\u00eda que cumplir\u00eda 61 a\u00f1os. una jornada de nostalgia y recuerdos. <a href=\"https:\/\/www.perfil.com\/noticias\/deportes\/por-siempre-maradona.phtml\">Leer m\u00e1s<\/a><\/p>\n","protected":false},"excerpt":{"rendered":"<p>Este s\u00e1bado es el primer 30 de octubre sin el 10. todo el f\u00fatbol argentino le rendir\u00e1 homenajes en el d\u00eda que cumplir\u00eda 61 a\u00f1os. una jornada de nostalgia y recuerdos. Leer m\u00e1s<\/p>\n","protected":false},"author":0,"featured_media":0,"comment_status":"","ping_status":"","sticky":false,"template":"","format":"standard","meta":{"footnotes":""},"categories":[1],"tags":[],"class_list":["post-475","post","type-post","status-publish","format-standard","hentry","category-sin-categoria"],"_links":{"self":[{"href":"http:\/\/fmdelpueblo.ar\/index.php?rest_route=\/wp\/v2\/posts\/475","targetHints":{"allow":["GET"]}}],"collection":[{"href":"http:\/\/fmdelpueblo.ar\/index.php?rest_route=\/wp\/v2\/posts"}],"about":[{"href":"http:\/\/fmdelpueblo.ar\/index.php?rest_route=\/wp\/v2\/types\/post"}],"replies":[{"embeddable":true,"href":"http:\/\/fmdelpueblo.ar\/index.php?rest_route=%2Fwp%2Fv2%2Fcomments&post=475"}],"version-history":[{"count":0,"href":"http:\/\/fmdelpueblo.ar\/index.php?rest_route=\/wp\/v2\/posts\/475\/revisions"}],"wp:attachment":[{"href":"http:\/\/fmdelpueblo.ar\/index.php?rest_route=%2Fwp%2Fv2%2Fmedia&parent=475"}],"wp:term":[{"taxonomy":"category","embeddable":true,"href":"http:\/\/fmdelpueblo.ar\/index.php?rest_route=%2Fwp%2Fv2%2Fcategories&post=475"},{"taxonomy":"post_tag","embeddable":true,"href":"http:\/\/fmdelpueblo.ar\/index.php?rest_route=%2Fwp%2Fv2%2Ftags&post=475"}],"curies":[{"name":"wp","href":"https:\/\/api.w.org\/{rel}","templated":true}]}}