{"id":474,"date":"2021-10-30T06:40:37","date_gmt":"2021-10-30T06:40:37","guid":{"rendered":"http:\/\/fmdelpueblo.ar\/?p=474"},"modified":"2021-10-30T06:40:37","modified_gmt":"2021-10-30T06:40:37","slug":"la-era-de-la-deconstruccion-del-futbol","status":"publish","type":"post","link":"http:\/\/fmdelpueblo.ar\/?p=474","title":{"rendered":"La era de la deconstrucci\u00f3n del f\u00fatbol"},"content":{"rendered":"<\/p>\n<p>El australiano de Adelaide United dijo que es gay y se convirti\u00f3 en el primer futbolista en actividad en reconocerlo. Apoyo internacional y el fin del tab\u00fa en un deporte estructuralmente machista. <a href=\"https:\/\/www.perfil.com\/noticias\/columnistas\/la-era-de-la-deconstruccion-del-futbol.phtml\">Leer m\u00e1s<\/a><\/p>\n","protected":false},"excerpt":{"rendered":"<p>El australiano de Adelaide United dijo que es gay y se convirti\u00f3 en el primer futbolista en actividad en reconocerlo. Apoyo internacional y el fin del tab\u00fa en un deporte estructuralmente machista. Leer m\u00e1s<\/p>\n","protected":false},"author":0,"featured_media":0,"comment_status":"","ping_status":"","sticky":false,"template":"","format":"standard","meta":{"footnotes":""},"categories":[1],"tags":[],"class_list":["post-474","post","type-post","status-publish","format-standard","hentry","category-sin-categoria"],"_links":{"self":[{"href":"http:\/\/fmdelpueblo.ar\/index.php?rest_route=\/wp\/v2\/posts\/474","targetHints":{"allow":["GET"]}}],"collection":[{"href":"http:\/\/fmdelpueblo.ar\/index.php?rest_route=\/wp\/v2\/posts"}],"about":[{"href":"http:\/\/fmdelpueblo.ar\/index.php?rest_route=\/wp\/v2\/types\/post"}],"replies":[{"embeddable":true,"href":"http:\/\/fmdelpueblo.ar\/index.php?rest_route=%2Fwp%2Fv2%2Fcomments&post=474"}],"version-history":[{"count":0,"href":"http:\/\/fmdelpueblo.ar\/index.php?rest_route=\/wp\/v2\/posts\/474\/revisions"}],"wp:attachment":[{"href":"http:\/\/fmdelpueblo.ar\/index.php?rest_route=%2Fwp%2Fv2%2Fmedia&parent=474"}],"wp:term":[{"taxonomy":"category","embeddable":true,"href":"http:\/\/fmdelpueblo.ar\/index.php?rest_route=%2Fwp%2Fv2%2Fcategories&post=474"},{"taxonomy":"post_tag","embeddable":true,"href":"http:\/\/fmdelpueblo.ar\/index.php?rest_route=%2Fwp%2Fv2%2Ftags&post=474"}],"curies":[{"name":"wp","href":"https:\/\/api.w.org\/{rel}","templated":true}]}}