{"id":473,"date":"2021-10-30T05:28:17","date_gmt":"2021-10-30T05:28:17","guid":{"rendered":"http:\/\/fmdelpueblo.ar\/?p=473"},"modified":"2021-10-30T05:28:17","modified_gmt":"2021-10-30T05:28:17","slug":"arranco-el-festival-de-cine-migrante","status":"publish","type":"post","link":"http:\/\/fmdelpueblo.ar\/?p=473","title":{"rendered":"Arranc\u00f3 el festival de cine migrante"},"content":{"rendered":"<\/p>\n<p>Hasta el mi\u00e9rcoles que viene, un festival de cine combinar\u00e1 exhibiciones en cinco salas virtuales con acceso libre y gratuito, transmitiendo en vivo m\u00e1s de ochenta pel\u00edculas, con charlas, encuentros con directores y conferencias. <a href=\"https:\/\/www.perfil.com\/noticias\/cultura\/arranco-el-festival-de-cine-migrante.phtml\">Leer m\u00e1s<\/a><\/p>\n","protected":false},"excerpt":{"rendered":"<p>Hasta el mi\u00e9rcoles que viene, un festival de cine combinar\u00e1 exhibiciones en cinco salas virtuales con acceso libre y gratuito, transmitiendo en vivo m\u00e1s de ochenta pel\u00edculas, con charlas, encuentros con directores y conferencias. Leer m\u00e1s<\/p>\n","protected":false},"author":0,"featured_media":0,"comment_status":"","ping_status":"","sticky":false,"template":"","format":"standard","meta":{"footnotes":""},"categories":[1],"tags":[],"class_list":["post-473","post","type-post","status-publish","format-standard","hentry","category-sin-categoria"],"_links":{"self":[{"href":"http:\/\/fmdelpueblo.ar\/index.php?rest_route=\/wp\/v2\/posts\/473","targetHints":{"allow":["GET"]}}],"collection":[{"href":"http:\/\/fmdelpueblo.ar\/index.php?rest_route=\/wp\/v2\/posts"}],"about":[{"href":"http:\/\/fmdelpueblo.ar\/index.php?rest_route=\/wp\/v2\/types\/post"}],"replies":[{"embeddable":true,"href":"http:\/\/fmdelpueblo.ar\/index.php?rest_route=%2Fwp%2Fv2%2Fcomments&post=473"}],"version-history":[{"count":0,"href":"http:\/\/fmdelpueblo.ar\/index.php?rest_route=\/wp\/v2\/posts\/473\/revisions"}],"wp:attachment":[{"href":"http:\/\/fmdelpueblo.ar\/index.php?rest_route=%2Fwp%2Fv2%2Fmedia&parent=473"}],"wp:term":[{"taxonomy":"category","embeddable":true,"href":"http:\/\/fmdelpueblo.ar\/index.php?rest_route=%2Fwp%2Fv2%2Fcategories&post=473"},{"taxonomy":"post_tag","embeddable":true,"href":"http:\/\/fmdelpueblo.ar\/index.php?rest_route=%2Fwp%2Fv2%2Ftags&post=473"}],"curies":[{"name":"wp","href":"https:\/\/api.w.org\/{rel}","templated":true}]}}