{"id":472,"date":"2021-10-30T05:28:17","date_gmt":"2021-10-30T05:28:17","guid":{"rendered":"http:\/\/fmdelpueblo.ar\/?p=472"},"modified":"2021-10-30T05:28:17","modified_gmt":"2021-10-30T05:28:17","slug":"el-peronismo-de-cristina-y-la-cgt","status":"publish","type":"post","link":"http:\/\/fmdelpueblo.ar\/?p=472","title":{"rendered":"El peronismo de Cristina y la CGT"},"content":{"rendered":"<\/p>\n<p>Tras la derrota en las PASO, el oficiailsmo qued\u00f3 desorientado. Para el autor, el mensaje de CFK en la ex ESMA, y la marcha de la CGT, muestran la importancia de retomar conceptos b\u00e1sicos, como la tercera posici\u00f3n y el peso del movimiento obrero. <a href=\"https:\/\/www.perfil.com\/noticias\/opinion\/el-peronismo-de-cristina-y-la-cgt.phtml\">Leer m\u00e1s<\/a><\/p>\n","protected":false},"excerpt":{"rendered":"<p>Tras la derrota en las PASO, el oficiailsmo qued\u00f3 desorientado. Para el autor, el mensaje de CFK en la ex ESMA, y la marcha de la CGT, muestran la importancia de retomar conceptos b\u00e1sicos, como la tercera posici\u00f3n y el peso del movimiento obrero. Leer m\u00e1s<\/p>\n","protected":false},"author":0,"featured_media":0,"comment_status":"","ping_status":"","sticky":false,"template":"","format":"standard","meta":{"footnotes":""},"categories":[1],"tags":[],"class_list":["post-472","post","type-post","status-publish","format-standard","hentry","category-sin-categoria"],"_links":{"self":[{"href":"http:\/\/fmdelpueblo.ar\/index.php?rest_route=\/wp\/v2\/posts\/472","targetHints":{"allow":["GET"]}}],"collection":[{"href":"http:\/\/fmdelpueblo.ar\/index.php?rest_route=\/wp\/v2\/posts"}],"about":[{"href":"http:\/\/fmdelpueblo.ar\/index.php?rest_route=\/wp\/v2\/types\/post"}],"replies":[{"embeddable":true,"href":"http:\/\/fmdelpueblo.ar\/index.php?rest_route=%2Fwp%2Fv2%2Fcomments&post=472"}],"version-history":[{"count":0,"href":"http:\/\/fmdelpueblo.ar\/index.php?rest_route=\/wp\/v2\/posts\/472\/revisions"}],"wp:attachment":[{"href":"http:\/\/fmdelpueblo.ar\/index.php?rest_route=%2Fwp%2Fv2%2Fmedia&parent=472"}],"wp:term":[{"taxonomy":"category","embeddable":true,"href":"http:\/\/fmdelpueblo.ar\/index.php?rest_route=%2Fwp%2Fv2%2Fcategories&post=472"},{"taxonomy":"post_tag","embeddable":true,"href":"http:\/\/fmdelpueblo.ar\/index.php?rest_route=%2Fwp%2Fv2%2Ftags&post=472"}],"curies":[{"name":"wp","href":"https:\/\/api.w.org\/{rel}","templated":true}]}}