{"id":463,"date":"2021-10-30T03:13:24","date_gmt":"2021-10-30T03:13:24","guid":{"rendered":"https:\/\/fmdelpueblo.ar\/?p=463"},"modified":"2021-10-30T03:13:24","modified_gmt":"2021-10-30T03:13:24","slug":"sebastian-mazzuca-argentina-suma-una-neodecadencia-a-la-decadencia-de-muchos-anos","status":"publish","type":"post","link":"http:\/\/fmdelpueblo.ar\/?p=463","title":{"rendered":"Sebasti\u00e1n Mazzuca: \u00abArgentina suma una neodecadencia a la decadencia de muchos a\u00f1os\u00bb"},"content":{"rendered":"<\/p>\n<p>Doctor en Ciencia Pol\u00edtica y m\u00e1ster en Econom\u00eda en la Universidad de California, en Berkeley, e investigador del Conicet, profesor de Ciencia Pol\u00edtica en la Johns Hopkins University, es uno de los principales intelectuales que pensaron la cuesti\u00f3n del Estado desde una perspectiva neoweberiana y no marxista. Considera que en Latinoam\u00e9rica hay condiciones hist\u00f3ricas que generaron organizaciones que benefician m\u00e1s a los gobiernos que a las sociedades y que hacen muy complejo pensar en una distribuci\u00f3n m\u00e1s equitativa. <a href=\"https:\/\/www.perfil.com\/noticias\/periodismopuro\/sebastian-mazzuca-argentina-suma-una-neodecadencia-a-la-decadencia-de-muchos-anos-por-jorge-fontevecchia.phtml\">Leer m\u00e1s<\/a><\/p>\n","protected":false},"excerpt":{"rendered":"<p>Doctor en Ciencia Pol\u00edtica y m\u00e1ster en Econom\u00eda en la Universidad de California, en Berkeley, e investigador del Conicet, profesor de Ciencia Pol\u00edtica en la Johns Hopkins University, es uno de los principales intelectuales que pensaron la cuesti\u00f3n del Estado desde una perspectiva neoweberiana y no marxista. Considera que en Latinoam\u00e9rica hay condiciones hist\u00f3ricas que [&hellip;]<\/p>\n","protected":false},"author":0,"featured_media":0,"comment_status":"","ping_status":"","sticky":false,"template":"","format":"standard","meta":{"footnotes":""},"categories":[1],"tags":[],"class_list":["post-463","post","type-post","status-publish","format-standard","hentry","category-sin-categoria"],"_links":{"self":[{"href":"http:\/\/fmdelpueblo.ar\/index.php?rest_route=\/wp\/v2\/posts\/463","targetHints":{"allow":["GET"]}}],"collection":[{"href":"http:\/\/fmdelpueblo.ar\/index.php?rest_route=\/wp\/v2\/posts"}],"about":[{"href":"http:\/\/fmdelpueblo.ar\/index.php?rest_route=\/wp\/v2\/types\/post"}],"replies":[{"embeddable":true,"href":"http:\/\/fmdelpueblo.ar\/index.php?rest_route=%2Fwp%2Fv2%2Fcomments&post=463"}],"version-history":[{"count":0,"href":"http:\/\/fmdelpueblo.ar\/index.php?rest_route=\/wp\/v2\/posts\/463\/revisions"}],"wp:attachment":[{"href":"http:\/\/fmdelpueblo.ar\/index.php?rest_route=%2Fwp%2Fv2%2Fmedia&parent=463"}],"wp:term":[{"taxonomy":"category","embeddable":true,"href":"http:\/\/fmdelpueblo.ar\/index.php?rest_route=%2Fwp%2Fv2%2Fcategories&post=463"},{"taxonomy":"post_tag","embeddable":true,"href":"http:\/\/fmdelpueblo.ar\/index.php?rest_route=%2Fwp%2Fv2%2Ftags&post=463"}],"curies":[{"name":"wp","href":"https:\/\/api.w.org\/{rel}","templated":true}]}}