{"id":456,"date":"2021-10-30T02:14:40","date_gmt":"2021-10-30T02:14:40","guid":{"rendered":"https:\/\/fmdelpueblo.ar\/?p=456"},"modified":"2021-10-30T02:14:40","modified_gmt":"2021-10-30T02:14:40","slug":"sergio-massa-la-argentina-que-viene-es-con-generacion-de-empleo-genuino-e-inversion-publica","status":"publish","type":"post","link":"http:\/\/fmdelpueblo.ar\/?p=456","title":{"rendered":"Sergio Massa: \u00abLa Argentina que viene es con generaci\u00f3n de empleo genuino e inversi\u00f3n p\u00fablica\u00bb"},"content":{"rendered":"<\/p>\n<p>El presidente de la C\u00e1mara de Diputados recorri\u00f3 junto al intendente Ariel Sujarchuk la Expo Escobar, donde se reuni\u00f3 para escuchar a industriales y desarrolladores productivos locales. \u00abDesde el Estado se van a generar los puentes para que el que se anima a invertir, el que genera trabajo, pueda hacerlo con confianza\u00bb, les manifest\u00f3.<br \/>\n <a href=\"https:\/\/www.perfil.com\/noticias\/actualidad\/massa-la-argentina-que-viene-es-con-generacion-de-empleo-genuino-e-inversion-publica.phtml\">Leer m\u00e1s<\/a><\/p>\n","protected":false},"excerpt":{"rendered":"<p>El presidente de la C\u00e1mara de Diputados recorri\u00f3 junto al intendente Ariel Sujarchuk la Expo Escobar, donde se reuni\u00f3 para escuchar a industriales y desarrolladores productivos locales. \u00abDesde el Estado se van a generar los puentes para que el que se anima a invertir, el que genera trabajo, pueda hacerlo con confianza\u00bb, les manifest\u00f3. Leer [&hellip;]<\/p>\n","protected":false},"author":0,"featured_media":0,"comment_status":"","ping_status":"","sticky":false,"template":"","format":"standard","meta":{"footnotes":""},"categories":[1],"tags":[],"class_list":["post-456","post","type-post","status-publish","format-standard","hentry","category-sin-categoria"],"_links":{"self":[{"href":"http:\/\/fmdelpueblo.ar\/index.php?rest_route=\/wp\/v2\/posts\/456","targetHints":{"allow":["GET"]}}],"collection":[{"href":"http:\/\/fmdelpueblo.ar\/index.php?rest_route=\/wp\/v2\/posts"}],"about":[{"href":"http:\/\/fmdelpueblo.ar\/index.php?rest_route=\/wp\/v2\/types\/post"}],"replies":[{"embeddable":true,"href":"http:\/\/fmdelpueblo.ar\/index.php?rest_route=%2Fwp%2Fv2%2Fcomments&post=456"}],"version-history":[{"count":0,"href":"http:\/\/fmdelpueblo.ar\/index.php?rest_route=\/wp\/v2\/posts\/456\/revisions"}],"wp:attachment":[{"href":"http:\/\/fmdelpueblo.ar\/index.php?rest_route=%2Fwp%2Fv2%2Fmedia&parent=456"}],"wp:term":[{"taxonomy":"category","embeddable":true,"href":"http:\/\/fmdelpueblo.ar\/index.php?rest_route=%2Fwp%2Fv2%2Fcategories&post=456"},{"taxonomy":"post_tag","embeddable":true,"href":"http:\/\/fmdelpueblo.ar\/index.php?rest_route=%2Fwp%2Fv2%2Ftags&post=456"}],"curies":[{"name":"wp","href":"https:\/\/api.w.org\/{rel}","templated":true}]}}