{"id":455,"date":"2021-10-30T02:14:40","date_gmt":"2021-10-30T02:14:40","guid":{"rendered":"https:\/\/fmdelpueblo.ar\/?p=455"},"modified":"2021-10-30T02:14:40","modified_gmt":"2021-10-30T02:14:40","slug":"dia-mundial-del-acv-que-es-y-como-prevenirlo","status":"publish","type":"post","link":"http:\/\/fmdelpueblo.ar\/?p=455","title":{"rendered":"D\u00eda Mundial del ACV: qu\u00e9 es y c\u00f3mo prevenirlo"},"content":{"rendered":"<\/p>\n<p>El m\u00e9dico cardi\u00f3logo Nahuel Guadagnoli asegur\u00f3 que es fundamental mantener una correcta alimentaci\u00f3n y hacer ejercicio a diario.  <a href=\"https:\/\/www.perfil.com\/noticias\/reperfilar\/dia-mundial-del-acv-que-es-y-como-prevenirlo.phtml\">Leer m\u00e1s<\/a><\/p>\n","protected":false},"excerpt":{"rendered":"<p>El m\u00e9dico cardi\u00f3logo Nahuel Guadagnoli asegur\u00f3 que es fundamental mantener una correcta alimentaci\u00f3n y hacer ejercicio a diario. Leer m\u00e1s<\/p>\n","protected":false},"author":0,"featured_media":0,"comment_status":"","ping_status":"","sticky":false,"template":"","format":"standard","meta":{"footnotes":""},"categories":[1],"tags":[],"class_list":["post-455","post","type-post","status-publish","format-standard","hentry","category-sin-categoria"],"_links":{"self":[{"href":"http:\/\/fmdelpueblo.ar\/index.php?rest_route=\/wp\/v2\/posts\/455","targetHints":{"allow":["GET"]}}],"collection":[{"href":"http:\/\/fmdelpueblo.ar\/index.php?rest_route=\/wp\/v2\/posts"}],"about":[{"href":"http:\/\/fmdelpueblo.ar\/index.php?rest_route=\/wp\/v2\/types\/post"}],"replies":[{"embeddable":true,"href":"http:\/\/fmdelpueblo.ar\/index.php?rest_route=%2Fwp%2Fv2%2Fcomments&post=455"}],"version-history":[{"count":0,"href":"http:\/\/fmdelpueblo.ar\/index.php?rest_route=\/wp\/v2\/posts\/455\/revisions"}],"wp:attachment":[{"href":"http:\/\/fmdelpueblo.ar\/index.php?rest_route=%2Fwp%2Fv2%2Fmedia&parent=455"}],"wp:term":[{"taxonomy":"category","embeddable":true,"href":"http:\/\/fmdelpueblo.ar\/index.php?rest_route=%2Fwp%2Fv2%2Fcategories&post=455"},{"taxonomy":"post_tag","embeddable":true,"href":"http:\/\/fmdelpueblo.ar\/index.php?rest_route=%2Fwp%2Fv2%2Ftags&post=455"}],"curies":[{"name":"wp","href":"https:\/\/api.w.org\/{rel}","templated":true}]}}