{"id":454,"date":"2021-10-30T02:14:40","date_gmt":"2021-10-30T02:14:40","guid":{"rendered":"https:\/\/fmdelpueblo.ar\/?p=454"},"modified":"2021-10-30T02:14:40","modified_gmt":"2021-10-30T02:14:40","slug":"alberto-en-el-g20-el-presidente-buscara-firmar-un-documento-para-negociar-con-el-fmi","status":"publish","type":"post","link":"http:\/\/fmdelpueblo.ar\/?p=454","title":{"rendered":"Alberto en el G20: el presidente buscar\u00e1 firmar un documento para negociar con el FMI"},"content":{"rendered":"<\/p>\n<p>La periodista Rosario Ayerdi asegur\u00f3 que el ministro de Econom\u00eda Mart\u00edn Guzm\u00e1n cen\u00f3 con la titular del FMI pensando en ir cerrando el acuerdo con el organismo internacional. <a href=\"https:\/\/www.perfil.com\/noticias\/reperfilar\/alberto-en-el-g20-el-presidente-buscara-firmar-un-documento-para-negociar-con-el-fmi.phtml\">Leer m\u00e1s<\/a><\/p>\n","protected":false},"excerpt":{"rendered":"<p>La periodista Rosario Ayerdi asegur\u00f3 que el ministro de Econom\u00eda Mart\u00edn Guzm\u00e1n cen\u00f3 con la titular del FMI pensando en ir cerrando el acuerdo con el organismo internacional. Leer m\u00e1s<\/p>\n","protected":false},"author":0,"featured_media":0,"comment_status":"","ping_status":"","sticky":false,"template":"","format":"standard","meta":{"footnotes":""},"categories":[1],"tags":[],"class_list":["post-454","post","type-post","status-publish","format-standard","hentry","category-sin-categoria"],"_links":{"self":[{"href":"http:\/\/fmdelpueblo.ar\/index.php?rest_route=\/wp\/v2\/posts\/454","targetHints":{"allow":["GET"]}}],"collection":[{"href":"http:\/\/fmdelpueblo.ar\/index.php?rest_route=\/wp\/v2\/posts"}],"about":[{"href":"http:\/\/fmdelpueblo.ar\/index.php?rest_route=\/wp\/v2\/types\/post"}],"replies":[{"embeddable":true,"href":"http:\/\/fmdelpueblo.ar\/index.php?rest_route=%2Fwp%2Fv2%2Fcomments&post=454"}],"version-history":[{"count":0,"href":"http:\/\/fmdelpueblo.ar\/index.php?rest_route=\/wp\/v2\/posts\/454\/revisions"}],"wp:attachment":[{"href":"http:\/\/fmdelpueblo.ar\/index.php?rest_route=%2Fwp%2Fv2%2Fmedia&parent=454"}],"wp:term":[{"taxonomy":"category","embeddable":true,"href":"http:\/\/fmdelpueblo.ar\/index.php?rest_route=%2Fwp%2Fv2%2Fcategories&post=454"},{"taxonomy":"post_tag","embeddable":true,"href":"http:\/\/fmdelpueblo.ar\/index.php?rest_route=%2Fwp%2Fv2%2Ftags&post=454"}],"curies":[{"name":"wp","href":"https:\/\/api.w.org\/{rel}","templated":true}]}}