{"id":448,"date":"2021-10-30T00:09:55","date_gmt":"2021-10-30T00:09:55","guid":{"rendered":"https:\/\/fmdelpueblo.ar\/?p=448"},"modified":"2021-10-30T00:09:55","modified_gmt":"2021-10-30T00:09:55","slug":"diez-historias-de-diego-maradona-para-recordarlo-en-el-dia-que-cumpliria-61-anos","status":"publish","type":"post","link":"http:\/\/fmdelpueblo.ar\/?p=448","title":{"rendered":"Diez historias de Diego Maradona para recordarlo en el d\u00eda que cumplir\u00eda 61 a\u00f1os"},"content":{"rendered":"<\/p>\n<p>Este 30 de octubre hubiera sido el cumplea\u00f1os de \u00abEl Diez\u00bb. Aqu\u00ed, una antolog\u00eda de sus mejores an\u00e9cdotas, contadas por Fernando Signorini, quien fue su entrenador personal. <a href=\"https:\/\/www.perfil.com\/noticias\/deportes\/diez-historias-de-diego-maradona-para-recordarlo-en-el-dia-que-cumpliria-61-anos.phtml\">Leer m\u00e1s<\/a><\/p>\n","protected":false},"excerpt":{"rendered":"<p>Este 30 de octubre hubiera sido el cumplea\u00f1os de \u00abEl Diez\u00bb. Aqu\u00ed, una antolog\u00eda de sus mejores an\u00e9cdotas, contadas por Fernando Signorini, quien fue su entrenador personal. Leer m\u00e1s<\/p>\n","protected":false},"author":0,"featured_media":0,"comment_status":"","ping_status":"","sticky":false,"template":"","format":"standard","meta":{"footnotes":""},"categories":[1],"tags":[],"class_list":["post-448","post","type-post","status-publish","format-standard","hentry","category-sin-categoria"],"_links":{"self":[{"href":"http:\/\/fmdelpueblo.ar\/index.php?rest_route=\/wp\/v2\/posts\/448","targetHints":{"allow":["GET"]}}],"collection":[{"href":"http:\/\/fmdelpueblo.ar\/index.php?rest_route=\/wp\/v2\/posts"}],"about":[{"href":"http:\/\/fmdelpueblo.ar\/index.php?rest_route=\/wp\/v2\/types\/post"}],"replies":[{"embeddable":true,"href":"http:\/\/fmdelpueblo.ar\/index.php?rest_route=%2Fwp%2Fv2%2Fcomments&post=448"}],"version-history":[{"count":0,"href":"http:\/\/fmdelpueblo.ar\/index.php?rest_route=\/wp\/v2\/posts\/448\/revisions"}],"wp:attachment":[{"href":"http:\/\/fmdelpueblo.ar\/index.php?rest_route=%2Fwp%2Fv2%2Fmedia&parent=448"}],"wp:term":[{"taxonomy":"category","embeddable":true,"href":"http:\/\/fmdelpueblo.ar\/index.php?rest_route=%2Fwp%2Fv2%2Fcategories&post=448"},{"taxonomy":"post_tag","embeddable":true,"href":"http:\/\/fmdelpueblo.ar\/index.php?rest_route=%2Fwp%2Fv2%2Ftags&post=448"}],"curies":[{"name":"wp","href":"https:\/\/api.w.org\/{rel}","templated":true}]}}